[{"@context":"https:\/\/schema.org\/","@type":"Article","@id":"https:\/\/www.vantu.cz\/kam-se-sklenenym-zabradlim\/#Article","mainEntityOfPage":"https:\/\/www.vantu.cz\/kam-se-sklenenym-zabradlim\/","headline":"Kam se sklen\u011bn\u00fdm z\u00e1bradl\u00edm","name":"Kam se sklen\u011bn\u00fdm z\u00e1bradl\u00edm","description":"Sklen\u011bn\u00e1 z\u00e1bradl\u00ed mohou vytvo\u0159it v interi\u00e9ru velmi zaj\u00edmav\u00fd prvek a po\u010d\u00edt\u00e1 se s nimi zejm\u00e9na v novostavb\u00e1ch a v n\u011bkter\u00fdch velk\u00fdch budov\u00e1ch, jako jsou n\u00e1kupn\u00ed centra, \u00fa\u0159ady, sportovi\u0161t\u011b nebo zdravotnick\u00e1 za\u0159\u00edzen\u00ed. Sklen\u011bn\u00e9 z\u00e1bradl\u00ed se v\u0161ak dob\u0159e uplatn\u00ed i jinde. Rekonstrukce dvougenera\u010dn\u00edho domu \u2013 kdy\u017e se podrobuje rekonstrukci dvougenera\u010dn\u00ed d\u016fm, m\u016f\u017ee se to t\u00fdkat i centr\u00e1ln\u00edho schodi\u0161t\u011b. To b\u00fdv\u00e1 spojnic\u00ed mezi ob\u011bma bytov\u00fdmi jednotkami a nach\u00e1z\u00ed se ve spole\u010dn\u00e9m p\u0159\u00edzemn\u00edm vstupn\u00edm vestibulu. Pokud schodi\u0161t\u011b opat\u0159\u00edte z\u00e1bradl\u00edm z tvrzen\u00e9ho skla, z\u00edsk\u00e1te vzdu\u0161n\u011bj\u0161\u00ed, elegantn\u011bj\u0161\u00ed a atraktivn\u011bj\u0161\u00ed \u0159e\u0161en\u00ed tamn\u00edho prostoru. Schodi\u0161t\u011b v bytov\u00e9m dom\u011b \u2013 velmi odv\u00e1\u017en\u00e9 m\u016f\u017ee b\u00fdt i zhotoven\u00ed tohoto typu schodi\u0161t\u011b a z\u00e1bradl\u00ed v bytov\u00e9m dom\u011b, nap\u0159\u00edklad pokud jde o star\u0161\u00ed \u010din\u017eovn\u00ed z\u00e1stavbu, kter\u00e1 vy\u017eaduje razantn\u011bj\u0161\u00ed stavebn\u00ed z\u00e1sah v interi\u00e9ru. V\u00fdm\u011bna st\u00e1vaj\u00edc\u00edho kovov\u00e9ho z\u00e1bradl\u00ed za sklen\u011bn\u00e9 v\u00edce otev\u0159e tamn\u00ed prostor a p\u016fjde o velmi zaj\u00edmav\u00fd stavebn\u00ed projekt, se kter\u00fdm se rozhodn\u011b tak \u010dasto v bytov\u00fdch domech nesetk\u00e1te. Rekrea\u010dn\u00ed chata \u2013 i na chat\u011b m\u016f\u017eete m\u00edt sklen\u011bn\u00e9 z\u00e1bradl\u00ed, z\u00e1le\u017e\u00ed na va\u0161em vkusu a koncepci vnit\u0159n\u00edho vybaven\u00ed. I chaty mohou b\u00fdt modernizovan\u00e9 a vyu\u017e\u00edvat t\u011bchto prvk\u016f na schodi\u0161ti mezi ob\u00fdv\u00e1kem a lo\u017enic\u00ed, anebo na balkonov\u00e9 terase. Zasklen\u00e9 lod\u017eie \u2013 obl\u00edben\u00fdm \u0159e\u0161en\u00edm revitalizace lod\u017ei\u00ed a balkon\u016f jsou zasklen\u00e9 prostory, kter\u00e9 nahrazuj\u00ed st\u00e1vaj\u00edc\u00ed ocelov\u00e1 z\u00e1bradl\u00ed. Uzav\u0159en\u00edm lod\u017eie do skla z\u00edsk\u00e1te zimn\u00ed zahradu nebo celoro\u010dn\u00ed sklen\u00edk, sklo p\u016fsob\u00ed jako izola\u010dn\u00ed vrstva, kter\u00e1 v chladn\u00e9m obdob\u00ed roku sni\u017euje \u00fanik tepla z obytn\u00fdch prostor, anebo v l\u00e9t\u011b naopak br\u00e1n\u00ed pr\u016fniku hork\u00e9ho vzduchu zven\u010d\u00ed dovnit\u0159. Zasklen\u00e1 lod\u017eie tak\u00e9 vypad\u00e1 mnohem l\u00e9pe, ne\u017e z\u00e1bradl\u00ed zhotoven\u00e9 z kovu, kter\u00e9 sp\u00ed\u0161e p\u016fsob\u00ed ru\u0161iv\u011b a vytv\u00e1\u0159\u00ed dojem zam\u0159\u00ed\u017eovan\u00e9ho prostoru. Domy s novou fas\u00e1dou a tvrzen\u00fdm sklem vypadaj\u00ed velmi modern\u011b, a\u010dkoli m\u016f\u017ee j\u00edt t\u0159eba o star\u0161\u00ed bytovou z\u00e1stavbu. 4\/5 - (4 votes)","datePublished":"2025-02-13","dateModified":"2025-02-13","author":{"@type":"Person","@id":"https:\/\/www.vantu.cz\/author\/#Person","name":"","url":"https:\/\/www.vantu.cz\/author\/","identifier":1,"image":{"@type":"ImageObject","@id":"https:\/\/secure.gravatar.com\/avatar\/4eaadff62661a2c38386085c87f88f683e575f9fda122ff8560bf1208996f3c5?s=96&d=mm&r=g","url":"https:\/\/secure.gravatar.com\/avatar\/4eaadff62661a2c38386085c87f88f683e575f9fda122ff8560bf1208996f3c5?s=96&d=mm&r=g","height":96,"width":96}},"publisher":{"@type":"Organization","name":"vantu.cz","logo":{"@type":"ImageObject","@id":"\/logo.png","url":"\/logo.png","width":600,"height":60}},"image":{"@type":"ImageObject","@id":"https:\/\/www.vantu.cz\/wp-content\/uploads\/terrace-2199640_640_6.jpg","url":"https:\/\/www.vantu.cz\/wp-content\/uploads\/terrace-2199640_640_6.jpg","height":0,"width":0},"url":"https:\/\/www.vantu.cz\/kam-se-sklenenym-zabradlim\/","about":["Zbo\u017e\u00ed"],"wordCount":408,"articleBody":"   Sklen\u011bn\u00e1 z\u00e1bradl\u00ed mohou vytvo\u0159it v interi\u00e9ru velmi zaj\u00edmav\u00fd prvek a po\u010d\u00edt\u00e1 se s nimi zejm\u00e9na v novostavb\u00e1ch a v n\u011bkter\u00fdch velk\u00fdch budov\u00e1ch, jako jsou n\u00e1kupn\u00ed centra, \u00fa\u0159ady, sportovi\u0161t\u011b nebo zdravotnick\u00e1 za\u0159\u00edzen\u00ed. Sklen\u011bn\u00e9 z\u00e1bradl\u00ed se v\u0161ak dob\u0159e uplatn\u00ed i jinde.Rekonstrukce dvougenera\u010dn\u00edho domu \u2013 kdy\u017e se podrobuje rekonstrukci dvougenera\u010dn\u00ed d\u016fm, m\u016f\u017ee se to t\u00fdkat i centr\u00e1ln\u00edho schodi\u0161t\u011b. To b\u00fdv\u00e1 spojnic\u00ed mezi ob\u011bma bytov\u00fdmi jednotkami a nach\u00e1z\u00ed se ve spole\u010dn\u00e9m p\u0159\u00edzemn\u00edm vstupn\u00edm vestibulu. Pokud schodi\u0161t\u011b opat\u0159\u00edte z\u00e1bradl\u00edm z tvrzen\u00e9ho skla, z\u00edsk\u00e1te vzdu\u0161n\u011bj\u0161\u00ed, elegantn\u011bj\u0161\u00ed a atraktivn\u011bj\u0161\u00ed \u0159e\u0161en\u00ed tamn\u00edho prostoru. Schodi\u0161t\u011b v bytov\u00e9m dom\u011b \u2013 velmi odv\u00e1\u017en\u00e9 m\u016f\u017ee b\u00fdt i zhotoven\u00ed tohoto typu schodi\u0161t\u011b a z\u00e1bradl\u00ed v bytov\u00e9m dom\u011b, nap\u0159\u00edklad pokud jde o star\u0161\u00ed \u010din\u017eovn\u00ed z\u00e1stavbu, kter\u00e1 vy\u017eaduje razantn\u011bj\u0161\u00ed stavebn\u00ed z\u00e1sah v interi\u00e9ru. V\u00fdm\u011bna st\u00e1vaj\u00edc\u00edho kovov\u00e9ho z\u00e1bradl\u00ed za sklen\u011bn\u00e9 v\u00edce otev\u0159e tamn\u00ed prostor a p\u016fjde o velmi zaj\u00edmav\u00fd stavebn\u00ed projekt, se kter\u00fdm se rozhodn\u011b tak \u010dasto v bytov\u00fdch domech nesetk\u00e1te.Rekrea\u010dn\u00ed chata \u2013 i na chat\u011b m\u016f\u017eete m\u00edt sklen\u011bn\u00e9 z\u00e1bradl\u00ed, z\u00e1le\u017e\u00ed na va\u0161em vkusu a koncepci vnit\u0159n\u00edho vybaven\u00ed. I chaty mohou b\u00fdt modernizovan\u00e9 a vyu\u017e\u00edvat t\u011bchto prvk\u016f na schodi\u0161ti mezi ob\u00fdv\u00e1kem a lo\u017enic\u00ed, anebo na balkonov\u00e9 terase. Zasklen\u00e9 lod\u017eie \u2013 obl\u00edben\u00fdm \u0159e\u0161en\u00edm revitalizace lod\u017ei\u00ed a balkon\u016f jsou zasklen\u00e9 prostory, kter\u00e9 nahrazuj\u00ed st\u00e1vaj\u00edc\u00ed ocelov\u00e1 z\u00e1bradl\u00ed. Uzav\u0159en\u00edm lod\u017eie do skla z\u00edsk\u00e1te zimn\u00ed zahradu nebo celoro\u010dn\u00ed sklen\u00edk, sklo p\u016fsob\u00ed jako izola\u010dn\u00ed vrstva, kter\u00e1 v chladn\u00e9m obdob\u00ed roku sni\u017euje \u00fanik tepla z obytn\u00fdch prostor, anebo v l\u00e9t\u011b naopak br\u00e1n\u00ed pr\u016fniku hork\u00e9ho vzduchu zven\u010d\u00ed dovnit\u0159. Zasklen\u00e1 lod\u017eie tak\u00e9 vypad\u00e1 mnohem l\u00e9pe, ne\u017e z\u00e1bradl\u00ed zhotoven\u00e9 z kovu, kter\u00e9 sp\u00ed\u0161e p\u016fsob\u00ed ru\u0161iv\u011b a vytv\u00e1\u0159\u00ed dojem zam\u0159\u00ed\u017eovan\u00e9ho prostoru. Domy s novou fas\u00e1dou a tvrzen\u00fdm sklem vypadaj\u00ed velmi modern\u011b, a\u010dkoli m\u016f\u017ee j\u00edt t\u0159eba o star\u0161\u00ed bytovou z\u00e1stavbu.                                                                                                                                                                                                                                                                                                                                                                                          4\/5 - (4 votes)        "},{"@context":"https:\/\/schema.org\/","@type":"BreadcrumbList","itemListElement":[{"@type":"ListItem","position":1,"name":"Kam se sklen\u011bn\u00fdm z\u00e1bradl\u00edm","item":"https:\/\/www.vantu.cz\/kam-se-sklenenym-zabradlim\/#breadcrumbitem"}]}]