[{"@context":"https:\/\/schema.org\/","@type":"Article","@id":"https:\/\/www.vantu.cz\/krize-stredniho-veku-u-muzu\/#Article","mainEntityOfPage":"https:\/\/www.vantu.cz\/krize-stredniho-veku-u-muzu\/","headline":"Krize st\u0159edn\u00edho v\u011bku u mu\u017e\u016f","name":"Krize st\u0159edn\u00edho v\u011bku u mu\u017e\u016f","description":"Krize st\u0159edn\u00edho v\u011bku. To je n\u011bco, o \u010dem se mluv\u00ed snad furt, ale kdy\u017e se to opravdu stane, najednou m\u00e1te pocit, \u017ee v\u00e1s to \u00fapln\u011b zasko\u010d\u00ed. A\u0165 u\u017e je v\u00e1m 40, 45, nebo 50, n\u011bkde uvnit\u0159 v\u00e1s to za\u010dne bublat. Mo\u017en\u00e1 m\u00e1te pocit, \u017ee u\u017e m\u00e1te v\u00edc za sebou ne\u017e p\u0159ed sebou, a \u017ee v\u0161echno, co jste si p\u0159edstavovali, jak bude vypadat va\u0161e velk\u00e9 \u017eivotn\u00ed dobrodru\u017estv\u00ed, je najednou trochu jinak. Je to norm\u00e1ln\u00ed, opravdu, a p\u0159iznejme si to. A ur\u010dit\u011b v\u00a0tom tak\u00e9 nejste sami. Je spousta mu\u017e\u016f, kte\u0159\u00ed to za\u017e\u00edvaj\u00ed tak\u00e9. Ale ka\u017ed\u00fd se u toho nejsp\u00ed\u0161 c\u00edt\u00ed trochu jinak. Mysl\u00edm, \u017ee prvn\u00ed v\u011bc, kterou je dobr\u00e9 si uv\u011bdomit, je, \u017ee je to p\u0159irozen\u00e9. Ka\u017ed\u00fd se n\u011bjak\u00fdm zp\u016fsobem dostane do f\u00e1ze, kdy za\u010dne p\u0159em\u00fd\u0161let o tom, co v\u0161echno stihl, co je\u0161t\u011b nestihl, a jak bude vypadat ta druh\u00e1 polovina \u017eivota. A to je v po\u0159\u00e1dku. Tak\u017ee, jak s t\u00edm nalo\u017eit? Za\u010dnu t\u00edm, \u017ee bych v\u00e1m ur\u010dit\u011b doporu\u010dila to, abyste se hlavn\u011b neb\u00e1li o tom mluvit. Up\u0159\u00edmn\u011b, krize st\u0159edn\u00edho v\u011bku nen\u00ed jen n\u011bjak\u00fd vnit\u0159n\u00ed chaos. Kdy\u017e se o tom za\u010dne mluvit, hned to zn\u00ed l\u00edp. Zkuste si promluvit s partnerkou, s kamar\u00e1dy nebo s n\u011bk\u00fdm, komu d\u016fv\u011b\u0159ujete. Nemus\u00edte se za to styd\u011bt. Kdy\u017e to \u0159eknete nahlas, u\u017e to nen\u00ed tak t\u011b\u017ek\u00e9. \u017de? Jen to zkuste! A v\u00edte co? Uvid\u00edte, \u017ee spousta lid\u00ed m\u00e1 podobn\u00e9 pocity. A mo\u017en\u00e1 najdete n\u011bkoho, kdo si pro\u0161el podobnou f\u00e1z\u00ed, a vz\u00e1jemn\u011b si m\u016f\u017eete pomoct. A co d\u00e1l? R\u00e1da bych v\u00e1m poradila, abyste se nezam\u011b\u0159ovali jen na v\u011bci, kter\u00e9 v\u00e1m vad\u00ed nebo kter\u00e9 v\u00e1m p\u0159ipadaj\u00ed jako prohry. Nen\u00ed to o tom litovat se nebo hledat chyby. Je to o tom naj\u00edt nov\u00fd sm\u011br. Zkuste se zam\u011b\u0159it na v\u011bci, kter\u00e9 v\u00e1s je\u0161t\u011b bav\u00ed, nebo na nov\u00e9, kter\u00e9 jste nikdy nezkusili. T\u0159eba m\u00e1te n\u011bjak\u00fd sen, kter\u00fd jste odkl\u00e1dali. Tak te\u010f je ten spr\u00e1vn\u00fd \u010das na to to zkusit. Za\u010dn\u011bte se v\u011bnovat n\u011bjak\u00e9mu nov\u00e9mu kon\u00ed\u010dku, u\u010dte se n\u011bco nov\u00e9ho, nebo si prost\u011b za\u010dn\u011bte plnit mal\u00fd seznam v\u011bc\u00ed, kter\u00e9 bych je\u0161t\u011b cht\u011bl zkusit. Mo\u017en\u00e1 je \u010das na zm\u011bnu v kari\u00e9\u0159e, nebo mo\u017en\u00e1 sta\u010d\u00ed n\u011bco mali\u010dk\u00e9ho, co v\u00e1s posune vp\u0159ed. A taky si uv\u011bdomte v\u011bci, kter\u00e9 jste doposud dok\u00e1zali! 3.9\/5 - (11 votes)","datePublished":"2024-03-30","dateModified":"2024-03-30","author":{"@type":"Person","@id":"https:\/\/www.vantu.cz\/author\/#Person","name":"","url":"https:\/\/www.vantu.cz\/author\/","identifier":1,"image":{"@type":"ImageObject","@id":"https:\/\/secure.gravatar.com\/avatar\/4eaadff62661a2c38386085c87f88f683e575f9fda122ff8560bf1208996f3c5?s=96&d=mm&r=g","url":"https:\/\/secure.gravatar.com\/avatar\/4eaadff62661a2c38386085c87f88f683e575f9fda122ff8560bf1208996f3c5?s=96&d=mm&r=g","height":96,"width":96}},"publisher":{"@type":"Organization","name":"vantu.cz","logo":{"@type":"ImageObject","@id":"\/logo.png","url":"\/logo.png","width":600,"height":60}},"image":{"@type":"ImageObject","@id":"https:\/\/www.vantu.cz\/wp-content\/uploads\/alone-513525_640_4.jpg","url":"https:\/\/www.vantu.cz\/wp-content\/uploads\/alone-513525_640_4.jpg","height":0,"width":0},"url":"https:\/\/www.vantu.cz\/krize-stredniho-veku-u-muzu\/","about":["Mu\u017ei"],"wordCount":476,"articleBody":"Krize st\u0159edn\u00edho v\u011bku. To je n\u011bco, o \u010dem se mluv\u00ed snad furt, ale kdy\u017e se to opravdu stane, najednou m\u00e1te pocit, \u017ee v\u00e1s to \u00fapln\u011b zasko\u010d\u00ed. A\u0165 u\u017e je v\u00e1m 40, 45, nebo 50, n\u011bkde uvnit\u0159 v\u00e1s to za\u010dne bublat. Mo\u017en\u00e1 m\u00e1te pocit, \u017ee u\u017e m\u00e1te v\u00edc za sebou ne\u017e p\u0159ed sebou, a \u017ee v\u0161echno, co jste si p\u0159edstavovali, jak bude vypadat va\u0161e velk\u00e9 \u017eivotn\u00ed dobrodru\u017estv\u00ed, je najednou trochu jinak. Je to norm\u00e1ln\u00ed, opravdu, a p\u0159iznejme si to. A ur\u010dit\u011b v\u00a0tom tak\u00e9 nejste sami. Je spousta mu\u017e\u016f, kte\u0159\u00ed to za\u017e\u00edvaj\u00ed tak\u00e9. Ale ka\u017ed\u00fd se u toho nejsp\u00ed\u0161 c\u00edt\u00ed trochu jinak.Mysl\u00edm, \u017ee prvn\u00ed v\u011bc, kterou je dobr\u00e9 si uv\u011bdomit, je, \u017ee je to p\u0159irozen\u00e9. Ka\u017ed\u00fd se n\u011bjak\u00fdm zp\u016fsobem dostane do f\u00e1ze, kdy za\u010dne p\u0159em\u00fd\u0161let o tom, co v\u0161echno stihl, co je\u0161t\u011b nestihl, a jak bude vypadat ta druh\u00e1 polovina \u017eivota. A to je v po\u0159\u00e1dku. Tak\u017ee, jak s t\u00edm nalo\u017eit?Za\u010dnu t\u00edm, \u017ee bych v\u00e1m ur\u010dit\u011b doporu\u010dila to, abyste se hlavn\u011b neb\u00e1li o tom mluvit. Up\u0159\u00edmn\u011b, krize st\u0159edn\u00edho v\u011bku nen\u00ed jen n\u011bjak\u00fd vnit\u0159n\u00ed chaos. Kdy\u017e se o tom za\u010dne mluvit, hned to zn\u00ed l\u00edp. Zkuste si promluvit s partnerkou, s kamar\u00e1dy nebo s n\u011bk\u00fdm, komu d\u016fv\u011b\u0159ujete. Nemus\u00edte se za to styd\u011bt. Kdy\u017e to \u0159eknete nahlas, u\u017e to nen\u00ed tak t\u011b\u017ek\u00e9. \u017de? Jen to zkuste! A v\u00edte co? Uvid\u00edte, \u017ee spousta lid\u00ed m\u00e1 podobn\u00e9 pocity. A mo\u017en\u00e1 najdete n\u011bkoho, kdo si pro\u0161el podobnou f\u00e1z\u00ed, a vz\u00e1jemn\u011b si m\u016f\u017eete pomoct.A co d\u00e1l? R\u00e1da bych v\u00e1m poradila, abyste se nezam\u011b\u0159ovali jen na v\u011bci, kter\u00e9 v\u00e1m vad\u00ed nebo kter\u00e9 v\u00e1m p\u0159ipadaj\u00ed jako prohry. Nen\u00ed to o tom litovat se nebo hledat chyby. Je to o tom naj\u00edt nov\u00fd sm\u011br. Zkuste se zam\u011b\u0159it na v\u011bci, kter\u00e9 v\u00e1s je\u0161t\u011b bav\u00ed, nebo na nov\u00e9, kter\u00e9 jste nikdy nezkusili. T\u0159eba m\u00e1te n\u011bjak\u00fd sen, kter\u00fd jste odkl\u00e1dali. Tak te\u010f je ten spr\u00e1vn\u00fd \u010das na to to zkusit. Za\u010dn\u011bte se v\u011bnovat n\u011bjak\u00e9mu nov\u00e9mu kon\u00ed\u010dku, u\u010dte se n\u011bco nov\u00e9ho, nebo si prost\u011b za\u010dn\u011bte plnit mal\u00fd seznam v\u011bc\u00ed, kter\u00e9 bych je\u0161t\u011b cht\u011bl zkusit. Mo\u017en\u00e1 je \u010das na zm\u011bnu v kari\u00e9\u0159e, nebo mo\u017en\u00e1 sta\u010d\u00ed n\u011bco mali\u010dk\u00e9ho, co v\u00e1s posune vp\u0159ed. A taky si uv\u011bdomte v\u011bci, kter\u00e9 jste doposud dok\u00e1zali!                                                                                                                                                                                                                                                                                                                                                                                        3.9\/5 - (11 votes)        "},{"@context":"https:\/\/schema.org\/","@type":"BreadcrumbList","itemListElement":[{"@type":"ListItem","position":1,"name":"Krize st\u0159edn\u00edho v\u011bku u mu\u017e\u016f","item":"https:\/\/www.vantu.cz\/krize-stredniho-veku-u-muzu\/#breadcrumbitem"}]}]