[{"@context":"https:\/\/schema.org\/","@type":"Article","@id":"https:\/\/www.vantu.cz\/kupka-mucha\/#Article","mainEntityOfPage":"https:\/\/www.vantu.cz\/kupka-mucha\/","headline":"Kupka &#8211; Mucha","name":"Kupka &#8211; Mucha","description":"Unik\u00e1tn\u00ed v\u00fdstava, kter\u00e1 p\u0159edstav\u00ed v\u00edce ne\u017e osmdes\u00e1t olejomaleb a prac\u00ed na pap\u00ed\u0159e, se uskute\u010dn\u00ed v prostor\u00e1ch nov\u011b otev\u0159en\u00e9\u00a0galerie. Expozice t\u00edmto po\u010dinem voln\u011b navazuje na spole\u010dnou v\u00fdstavu Franti\u0161ka Kupky a Alfonse Muchy\u00a0p\u0159ed osmdes\u00e1ti \u0161esti lety. V jedn\u00e9 z nejzn\u00e1m\u011bj\u0161\u00edch pa\u0159\u00ed\u017esk\u00fdch galeri\u00ed. V Tuilerijsk\u00fdch zahrad\u00e1ch. D\u00edla na tuto jedine\u010dnou v\u00fdstavu dvou nejv\u00fdzna\u010dn\u011bj\u0161\u00edch mal\u00ed\u0159\u016f \u010desk\u00e9ho p\u016fvodu budou zap\u016fj\u010dena ze soukrom\u00fdch sb\u00edrek sb\u011bratel\u016f jak ze zahrani\u010d\u00ed. N\u011bmecka, Anglie, Francie, \u0160v\u00fdcarska a dokonce i z USA.\u00a0Tak i z tuzemsk\u00fdch instituc\u00ed a fond\u016f.\u00a0 Franti\u0161ek Kupka, \u010desk\u00fd mal\u00ed\u0159 a grafik se narodil 23. z\u00e1\u0159\u00ed 1971 v Opo\u010dn\u011b. Po ukon\u010den\u00ed povinn\u00e9 \u0161koln\u00ed doch\u00e1zky se vyu\u010dil se sedl\u00e1\u0159sk\u00e9mu \u0159emeslu. Kter\u00e9mu se ale nev\u011bnoval. Zalo\u017eil si malou d\u00edlni\u010dku, ve kter\u00e9 za\u010dal malovat sv\u00e9 prvn\u00ed obrazy. D\u00edky sv\u00e9mu mecen\u00e1\u0161i odch\u00e1z\u00ed v roce 1891 do V\u00eddn\u011b. Studovat na Akademii mal\u00ed\u0159stv\u00ed. D\u00edky sv\u00e9mu talentu z\u00edsk\u00e1v\u00e1 v roce 1895 stipendium. Na pa\u0159\u00ed\u017eskou \u00c9cole des Beaux-Arts. V t\u00e9 dob\u011b si za\u010dal vyd\u011bl\u00e1vat na \u017eivobyt\u00ed ilustracemi knih. A malov\u00e1n\u00edm pr\u016fmyslov\u00fdch plak\u00e1t\u016f. V roce 1906 za\u010d\u00edn\u00e1 Kupka, pod vlivem nov\u00fdch sm\u011br\u016f,\u00a0 vytv\u00e1\u0159et svoje prvn\u00ed abstraktn\u00ed obrazy. Kter\u00e9 ho v pozd\u011bj\u0161\u00edch letech proslavily po cel\u00e9m sv\u011bt\u011b. Po prvn\u00ed sv\u011btov\u00e9 v\u00e1lce, ve kter\u00e9 byl ran\u011bn a posl\u00e9ze jmenov\u00e1n kapit\u00e1nem a poct\u011bn\u00a0\u0158\u00e1dem d\u016fstojn\u00edka \u010cestn\u00e9 legie, se vrac\u00ed do pozice profesora Akademie v Praze. Jako pedagog p\u016fsobil z\u00e1rove\u0148 i v Pa\u0159\u00ed\u017ei. V roce 1931 zakl\u00e1d\u00e1 se sv\u00fdmi souputn\u00edky hnut\u00ed a n\u00e1slednou v\u00fdstavu Kubismus a abstraktn\u00ed um\u011bn\u00ed. Kupkovo celo\u017eivotn\u00ed d\u00edlo m\u00e1 hlubok\u00fd celosv\u011btov\u00fd p\u0159\u00ednos v\u00fdtvarn\u00e9mu um\u011bn\u00ed. Zem\u0159el 24. \u010derva 1957 v Pa\u0159\u00ed\u017ei. Alfons Mucha se narodil 24. \u010dervence 1860\u00a0v Ivan\u010dic\u00edch. Sv\u011btozn\u00e1m\u00fd \u010desk\u00fd grafik, mal\u00ed\u0159, n\u00e1vrh\u00e1\u0159. Po nep\u0159ijet\u00ed ke studiu na pra\u017eskou Akademii, kde jej odm\u00edtli pro \u00fadajn\u00fd nedostatek talentu, odch\u00e1z\u00ed do Pa\u0159\u00ed\u017ee. Tam pracuje jako ilustr\u00e1tor a autor reklamn\u00edch kreseb pro jeden divadeln\u00ed \u010dasopis. Jeho sl\u00e1va p\u0159i\u0161la t\u00e9m\u011b\u0159 ze dne\u00a0na den. Kdy\u017e v roce 1894 vytvo\u0159il plak\u00e1t na divadeln\u00ed p\u0159edstaven\u00ed Gismonda. Vyu\u017eit\u00edm nov\u00e9 technologie litografick\u00e9ho tisku,\u00a0dos\u00e1hl prvn\u00edho \u017eivotn\u00edho \u00fasp\u011bchu. A zak\u00e1zky se jenom hrnuly. Dodnes je pova\u017eov\u00e1n za zakladatele plak\u00e1tov\u00e9 tvorby. Kter\u00e1 p\u0159edb\u011bhla sv\u00fdm pojet\u00edm dobu.\u00a0\u00a0U\u017e coby oce\u0148ovan\u00fd um\u011blec tvo\u0159\u00ed v\u00fdjime\u010dn\u00e9 dekory nejen na pl\u00e1tnech obraz\u016f.\u00a0\u00a0Rovn\u011b\u017e\u00a0i na kalend\u00e1\u0159\u00edch, n\u00e1lepek, vin\u011bt \u010di \u0161perk\u016f. Jeho v\u00fdtvarn\u00fd rukopis je jedine\u010dn\u00fd a neopakovateln\u00fd. P\u0159esto\u017ee mohl tvo\u0159it ve sv\u011btov\u00fdch atelierech, vrac\u00ed se dom\u016f a d\u00edky americk\u00e9mu sponzorovi vytvo\u0159\u00ed svoje \u017eivotn\u00ed d\u00edlo, Slovanskou epopej. Z\u00e1rove\u0148 v\u00fdtvarn\u011b obohatil sv\u00fdmi kresbami zn\u00e1mky, bankovky a dokonce i n\u00e1vrhy policejn\u00edch uniforem v nov\u011b vznikl\u00e9 republice. Zem\u0159el 14. \u010dervence 1939 v Praze.\u00a0 4.4\/5 - (7 votes)","datePublished":"2021-11-28","dateModified":"2021-11-28","author":{"@type":"Person","@id":"https:\/\/www.vantu.cz\/author\/#Person","name":"","url":"https:\/\/www.vantu.cz\/author\/","identifier":1,"image":{"@type":"ImageObject","@id":"https:\/\/secure.gravatar.com\/avatar\/4eaadff62661a2c38386085c87f88f683e575f9fda122ff8560bf1208996f3c5?s=96&d=mm&r=g","url":"https:\/\/secure.gravatar.com\/avatar\/4eaadff62661a2c38386085c87f88f683e575f9fda122ff8560bf1208996f3c5?s=96&d=mm&r=g","height":96,"width":96}},"publisher":{"@type":"Organization","name":"vantu.cz","logo":{"@type":"ImageObject","@id":"\/logo.png","url":"\/logo.png","width":600,"height":60}},"image":{"@type":"ImageObject","@id":"https:\/\/www.vantu.cz\/wp-content\/uploads\/pexels-photo-1123260_4.jpeg","url":"https:\/\/www.vantu.cz\/wp-content\/uploads\/pexels-photo-1123260_4.jpeg","height":0,"width":0},"url":"https:\/\/www.vantu.cz\/kupka-mucha\/","about":["Mu\u017ei"],"wordCount":554,"articleBody":"Unik\u00e1tn\u00ed v\u00fdstava, kter\u00e1 p\u0159edstav\u00ed v\u00edce ne\u017e osmdes\u00e1t olejomaleb a prac\u00ed na pap\u00ed\u0159e, se uskute\u010dn\u00ed v prostor\u00e1ch nov\u011b otev\u0159en\u00e9\u00a0galerie. Expozice t\u00edmto po\u010dinem voln\u011b navazuje na spole\u010dnou v\u00fdstavu Franti\u0161ka Kupky a Alfonse Muchy\u00a0p\u0159ed osmdes\u00e1ti \u0161esti lety. V jedn\u00e9 z nejzn\u00e1m\u011bj\u0161\u00edch pa\u0159\u00ed\u017esk\u00fdch galeri\u00ed. V Tuilerijsk\u00fdch zahrad\u00e1ch. D\u00edla na tuto jedine\u010dnou v\u00fdstavu dvou nejv\u00fdzna\u010dn\u011bj\u0161\u00edch mal\u00ed\u0159\u016f \u010desk\u00e9ho p\u016fvodu budou zap\u016fj\u010dena ze soukrom\u00fdch sb\u00edrek sb\u011bratel\u016f jak ze zahrani\u010d\u00ed. N\u011bmecka, Anglie, Francie, \u0160v\u00fdcarska a dokonce i z USA.\u00a0Tak i z tuzemsk\u00fdch instituc\u00ed a fond\u016f.\u00a0Franti\u0161ek Kupka, \u010desk\u00fd mal\u00ed\u0159 a grafik se narodil 23. z\u00e1\u0159\u00ed 1971 v Opo\u010dn\u011b. Po ukon\u010den\u00ed povinn\u00e9 \u0161koln\u00ed doch\u00e1zky se vyu\u010dil se sedl\u00e1\u0159sk\u00e9mu \u0159emeslu. Kter\u00e9mu se ale nev\u011bnoval. Zalo\u017eil si malou d\u00edlni\u010dku, ve kter\u00e9 za\u010dal malovat sv\u00e9 prvn\u00ed obrazy. D\u00edky sv\u00e9mu mecen\u00e1\u0161i odch\u00e1z\u00ed v roce 1891 do V\u00eddn\u011b. Studovat na Akademii mal\u00ed\u0159stv\u00ed. D\u00edky sv\u00e9mu talentu z\u00edsk\u00e1v\u00e1 v roce 1895 stipendium. Na pa\u0159\u00ed\u017eskou \u00c9cole des Beaux-Arts. V t\u00e9 dob\u011b si za\u010dal vyd\u011bl\u00e1vat na \u017eivobyt\u00ed ilustracemi knih. A malov\u00e1n\u00edm pr\u016fmyslov\u00fdch plak\u00e1t\u016f. V roce 1906 za\u010d\u00edn\u00e1 Kupka, pod vlivem nov\u00fdch sm\u011br\u016f,\u00a0 vytv\u00e1\u0159et svoje prvn\u00ed abstraktn\u00ed obrazy. Kter\u00e9 ho v pozd\u011bj\u0161\u00edch letech proslavily po cel\u00e9m sv\u011bt\u011b. Po prvn\u00ed sv\u011btov\u00e9 v\u00e1lce, ve kter\u00e9 byl ran\u011bn a posl\u00e9ze jmenov\u00e1n kapit\u00e1nem a poct\u011bn\u00a0\u0158\u00e1dem d\u016fstojn\u00edka \u010cestn\u00e9 legie, se vrac\u00ed do pozice profesora Akademie v Praze. Jako pedagog p\u016fsobil z\u00e1rove\u0148 i v Pa\u0159\u00ed\u017ei. V roce 1931 zakl\u00e1d\u00e1 se sv\u00fdmi souputn\u00edky hnut\u00ed a n\u00e1slednou v\u00fdstavu Kubismus a abstraktn\u00ed um\u011bn\u00ed. Kupkovo celo\u017eivotn\u00ed d\u00edlo m\u00e1 hlubok\u00fd celosv\u011btov\u00fd p\u0159\u00ednos v\u00fdtvarn\u00e9mu um\u011bn\u00ed. Zem\u0159el 24. \u010derva 1957 v Pa\u0159\u00ed\u017ei.Alfons Mucha se narodil 24. \u010dervence 1860\u00a0v Ivan\u010dic\u00edch. Sv\u011btozn\u00e1m\u00fd \u010desk\u00fd grafik, mal\u00ed\u0159, n\u00e1vrh\u00e1\u0159. Po nep\u0159ijet\u00ed ke studiu na pra\u017eskou Akademii, kde jej odm\u00edtli pro \u00fadajn\u00fd nedostatek talentu, odch\u00e1z\u00ed do Pa\u0159\u00ed\u017ee. Tam pracuje jako ilustr\u00e1tor a autor reklamn\u00edch kreseb pro jeden divadeln\u00ed \u010dasopis. Jeho sl\u00e1va p\u0159i\u0161la t\u00e9m\u011b\u0159 ze dne\u00a0na den. Kdy\u017e v roce 1894 vytvo\u0159il plak\u00e1t na divadeln\u00ed p\u0159edstaven\u00ed Gismonda. Vyu\u017eit\u00edm nov\u00e9 technologie litografick\u00e9ho tisku,\u00a0dos\u00e1hl prvn\u00edho \u017eivotn\u00edho \u00fasp\u011bchu. A zak\u00e1zky se jenom hrnuly. Dodnes je pova\u017eov\u00e1n za zakladatele plak\u00e1tov\u00e9 tvorby. Kter\u00e1 p\u0159edb\u011bhla sv\u00fdm pojet\u00edm dobu.\u00a0\u00a0U\u017e coby oce\u0148ovan\u00fd um\u011blec tvo\u0159\u00ed v\u00fdjime\u010dn\u00e9 dekory nejen na pl\u00e1tnech obraz\u016f.\u00a0\u00a0Rovn\u011b\u017e\u00a0i na kalend\u00e1\u0159\u00edch, n\u00e1lepek, vin\u011bt \u010di \u0161perk\u016f. Jeho v\u00fdtvarn\u00fd rukopis je jedine\u010dn\u00fd a neopakovateln\u00fd. P\u0159esto\u017ee mohl tvo\u0159it ve sv\u011btov\u00fdch atelierech, vrac\u00ed se dom\u016f a d\u00edky americk\u00e9mu sponzorovi vytvo\u0159\u00ed svoje \u017eivotn\u00ed d\u00edlo, Slovanskou epopej. Z\u00e1rove\u0148 v\u00fdtvarn\u011b obohatil sv\u00fdmi kresbami zn\u00e1mky, bankovky a dokonce i n\u00e1vrhy policejn\u00edch uniforem v nov\u011b vznikl\u00e9 republice. Zem\u0159el 14. \u010dervence 1939 v Praze.\u00a0                                                                                                                                                                                                                                                                                                                                                                                        4.4\/5 - (7 votes)        "},{"@context":"https:\/\/schema.org\/","@type":"BreadcrumbList","itemListElement":[{"@type":"ListItem","position":1,"name":"Kupka &#8211; Mucha","item":"https:\/\/www.vantu.cz\/kupka-mucha\/#breadcrumbitem"}]}]