[{"@context":"https:\/\/schema.org\/","@type":"Blog","@id":"https:\/\/www.vantu.cz#Blog","headline":"Vantu","description":"\nI kdybyste tomu mo\u017en\u00e1 nev\u011b\u0159ili, v\u011b\u0159te tomu. Budete-li se pot\u00fdkat s\u00a0n\u011bjak\u00fdmi probl\u00e9my, nejsp\u00ed\u0161e to bude pr\u00e1v\u011b tento web, kter\u00fd v\u00e1m s\u00a0t\u00edm pom\u016f\u017ee.","url":"https:\/\/www.vantu.cz","hasPart":[{"@type":"Article","@id":"https:\/\/www.vantu.cz\/pronajem-automobilu\/","headline":"Pron\u00e1jem automobil\u016f","url":"https:\/\/www.vantu.cz\/pronajem-automobilu\/","datePublished":"2021-06-28","dateModified":"2021-06-28","mainEntityOfPage":"https:\/\/www.vantu.cz\/pronajem-automobilu\/","author":{"@type":"Person","@id":"https:\/\/www.vantu.cz\/author\/#Person","name":"","url":"https:\/\/www.vantu.cz\/author\/","identifier":1,"image":{"@type":"ImageObject","@id":"https:\/\/secure.gravatar.com\/avatar\/4eaadff62661a2c38386085c87f88f683e575f9fda122ff8560bf1208996f3c5?s=96&d=mm&r=g","url":"https:\/\/secure.gravatar.com\/avatar\/4eaadff62661a2c38386085c87f88f683e575f9fda122ff8560bf1208996f3c5?s=96&d=mm&r=g","height":96,"width":96}},"publisher":{"@type":"Organization","name":"vantu.cz","logo":{"@type":"ImageObject","@id":"\/logo.png","url":"\/logo.png","width":600,"height":60}},"image":{"@type":"ImageObject","@id":"https:\/\/www.vantu.cz\/wp-content\/uploads\/autop%C5%AFj%C4%8Dovna%20(2)_5.jpg","url":"https:\/\/www.vantu.cz\/wp-content\/uploads\/autop%C5%AFj%C4%8Dovna%20(2)_5.jpg","height":0,"width":0},"wordCount":570,"keywords":null},{"@type":"Article","@id":"https:\/\/www.vantu.cz\/retro-lustr\/","headline":"Retro lustr","url":"https:\/\/www.vantu.cz\/retro-lustr\/","datePublished":"2021-06-21","dateModified":"2021-06-21","mainEntityOfPage":"https:\/\/www.vantu.cz\/retro-lustr\/","author":{"@type":"Person","@id":"https:\/\/www.vantu.cz\/author\/#Person","name":"","url":"https:\/\/www.vantu.cz\/author\/","identifier":1,"image":{"@type":"ImageObject","@id":"https:\/\/secure.gravatar.com\/avatar\/4eaadff62661a2c38386085c87f88f683e575f9fda122ff8560bf1208996f3c5?s=96&d=mm&r=g","url":"https:\/\/secure.gravatar.com\/avatar\/4eaadff62661a2c38386085c87f88f683e575f9fda122ff8560bf1208996f3c5?s=96&d=mm&r=g","height":96,"width":96}},"publisher":{"@type":"Organization","name":"vantu.cz","logo":{"@type":"ImageObject","@id":"\/logo.png","url":"\/logo.png","width":600,"height":60}},"image":{"@type":"ImageObject","@id":"https:\/\/www.vantu.cz\/wp-content\/uploads\/6405-cl153-aba01ne14-ct0504-1500x1500_qeRfJF.jpg","url":"https:\/\/www.vantu.cz\/wp-content\/uploads\/6405-cl153-aba01ne14-ct0504-1500x1500_qeRfJF.jpg","height":0,"width":0},"wordCount":900,"keywords":null},{"@type":"Article","@id":"https:\/\/www.vantu.cz\/propagace-terorismu-na-internetu-musi-skoncit-tvrdi-i-evropska-komise\/","headline":"Propagace terorismu na Internetu mus\u00ed skon\u010dit, tvrd\u00ed i Evropsk\u00e1 komise","url":"https:\/\/www.vantu.cz\/propagace-terorismu-na-internetu-musi-skoncit-tvrdi-i-evropska-komise\/","datePublished":"2020-09-16","dateModified":"2020-09-16","mainEntityOfPage":"https:\/\/www.vantu.cz\/propagace-terorismu-na-internetu-musi-skoncit-tvrdi-i-evropska-komise\/","author":{"@type":"Person","@id":"https:\/\/www.vantu.cz\/author\/#Person","name":"","url":"https:\/\/www.vantu.cz\/author\/","identifier":1,"image":{"@type":"ImageObject","@id":"https:\/\/secure.gravatar.com\/avatar\/4eaadff62661a2c38386085c87f88f683e575f9fda122ff8560bf1208996f3c5?s=96&d=mm&r=g","url":"https:\/\/secure.gravatar.com\/avatar\/4eaadff62661a2c38386085c87f88f683e575f9fda122ff8560bf1208996f3c5?s=96&d=mm&r=g","height":96,"width":96}},"publisher":{"@type":"Organization","name":"vantu.cz","logo":{"@type":"ImageObject","@id":"\/logo.png","url":"\/logo.png","width":600,"height":60}},"image":{"@type":"ImageObject","@id":"https:\/\/www.vantu.cz\/wp-content\/uploads\/img_a311159_w2141_t1522096809.jpg","url":"https:\/\/www.vantu.cz\/wp-content\/uploads\/img_a311159_w2141_t1522096809.jpg","height":0,"width":0},"wordCount":505,"keywords":null},{"@type":"Article","@id":"https:\/\/www.vantu.cz\/skladovani-drobnych-veci\/","headline":"Skladov\u00e1n\u00ed drobn\u00fdch v\u011bc\u00ed","url":"https:\/\/www.vantu.cz\/skladovani-drobnych-veci\/","datePublished":"2020-05-10","dateModified":"2020-05-10","mainEntityOfPage":"https:\/\/www.vantu.cz\/skladovani-drobnych-veci\/","author":{"@type":"Person","@id":"https:\/\/www.vantu.cz\/author\/#Person","name":"","url":"https:\/\/www.vantu.cz\/author\/","identifier":1,"image":{"@type":"ImageObject","@id":"https:\/\/secure.gravatar.com\/avatar\/4eaadff62661a2c38386085c87f88f683e575f9fda122ff8560bf1208996f3c5?s=96&d=mm&r=g","url":"https:\/\/secure.gravatar.com\/avatar\/4eaadff62661a2c38386085c87f88f683e575f9fda122ff8560bf1208996f3c5?s=96&d=mm&r=g","height":96,"width":96}},"publisher":{"@type":"Organization","name":"vantu.cz","logo":{"@type":"ImageObject","@id":"\/logo.png","url":"\/logo.png","width":600,"height":60}},"image":{"@type":"ImageObject","@id":"https:\/\/www.vantu.cz\/wp-content\/uploads\/s%C3%A1%C4%8Dky%20s%20ko%C5%99en%C3%ADm.jpg","url":"https:\/\/www.vantu.cz\/wp-content\/uploads\/s%C3%A1%C4%8Dky%20s%20ko%C5%99en%C3%ADm.jpg","height":0,"width":0},"wordCount":652,"keywords":null},{"@type":"Article","@id":"https:\/\/www.vantu.cz\/mate-odvahu-na-urbex\/","headline":"M\u00e1te odvahu na urbex?","url":"https:\/\/www.vantu.cz\/mate-odvahu-na-urbex\/","datePublished":"2019-12-18","dateModified":"2019-12-18","mainEntityOfPage":"https:\/\/www.vantu.cz\/mate-odvahu-na-urbex\/","author":{"@type":"Person","@id":"https:\/\/www.vantu.cz\/author\/#Person","name":"","url":"https:\/\/www.vantu.cz\/author\/","identifier":1,"image":{"@type":"ImageObject","@id":"https:\/\/secure.gravatar.com\/avatar\/4eaadff62661a2c38386085c87f88f683e575f9fda122ff8560bf1208996f3c5?s=96&d=mm&r=g","url":"https:\/\/secure.gravatar.com\/avatar\/4eaadff62661a2c38386085c87f88f683e575f9fda122ff8560bf1208996f3c5?s=96&d=mm&r=g","height":96,"width":96}},"publisher":{"@type":"Organization","name":"vantu.cz","logo":{"@type":"ImageObject","@id":"\/logo.png","url":"\/logo.png","width":600,"height":60}},"image":{"@type":"ImageObject","@id":"https:\/\/www.vantu.cz\/wp-content\/uploads\/img_a364559_w3390_t1577286508.jpg","url":"https:\/\/www.vantu.cz\/wp-content\/uploads\/img_a364559_w3390_t1577286508.jpg","height":0,"width":0},"wordCount":4575,"keywords":null},{"@type":"Article","@id":"https:\/\/www.vantu.cz\/mene-je-nekdy-vice\/","headline":"M\u00e9n\u011b je n\u011bkdy v\u00edce","url":"https:\/\/www.vantu.cz\/mene-je-nekdy-vice\/","datePublished":"2019-11-06","dateModified":"2019-11-06","mainEntityOfPage":"https:\/\/www.vantu.cz\/mene-je-nekdy-vice\/","author":{"@type":"Person","@id":"https:\/\/www.vantu.cz\/author\/#Person","name":"","url":"https:\/\/www.vantu.cz\/author\/","identifier":1,"image":{"@type":"ImageObject","@id":"https:\/\/secure.gravatar.com\/avatar\/4eaadff62661a2c38386085c87f88f683e575f9fda122ff8560bf1208996f3c5?s=96&d=mm&r=g","url":"https:\/\/secure.gravatar.com\/avatar\/4eaadff62661a2c38386085c87f88f683e575f9fda122ff8560bf1208996f3c5?s=96&d=mm&r=g","height":96,"width":96}},"publisher":{"@type":"Organization","name":"vantu.cz","logo":{"@type":"ImageObject","@id":"\/logo.png","url":"\/logo.png","width":600,"height":60}},"image":{"@type":"ImageObject","@id":"https:\/\/www.vantu.cz\/wp-content\/uploads\/img_a376628_w4313_t1588159910.jpg","url":"https:\/\/www.vantu.cz\/wp-content\/uploads\/img_a376628_w4313_t1588159910.jpg","height":0,"width":0},"wordCount":584,"keywords":null},{"@type":"Article","@id":"https:\/\/www.vantu.cz\/oslava-jak-ma-byt\/","headline":"Oslava jak m\u00e1 b\u00fdt!","url":"https:\/\/www.vantu.cz\/oslava-jak-ma-byt\/","datePublished":"2019-10-10","dateModified":"2019-10-10","mainEntityOfPage":"https:\/\/www.vantu.cz\/oslava-jak-ma-byt\/","author":{"@type":"Person","@id":"https:\/\/www.vantu.cz\/author\/#Person","name":"","url":"https:\/\/www.vantu.cz\/author\/","identifier":1,"image":{"@type":"ImageObject","@id":"https:\/\/secure.gravatar.com\/avatar\/4eaadff62661a2c38386085c87f88f683e575f9fda122ff8560bf1208996f3c5?s=96&d=mm&r=g","url":"https:\/\/secure.gravatar.com\/avatar\/4eaadff62661a2c38386085c87f88f683e575f9fda122ff8560bf1208996f3c5?s=96&d=mm&r=g","height":96,"width":96}},"publisher":{"@type":"Organization","name":"vantu.cz","logo":{"@type":"ImageObject","@id":"\/logo.png","url":"\/logo.png","width":600,"height":60}},"image":{"@type":"ImageObject","@id":"https:\/\/www.vantu.cz\/wp-content\/uploads\/img_a365564_w1768_t1578383638.jpg","url":"https:\/\/www.vantu.cz\/wp-content\/uploads\/img_a365564_w1768_t1578383638.jpg","height":0,"width":0},"wordCount":535,"keywords":null},{"@type":"Article","@id":"https:\/\/www.vantu.cz\/bazen-si-zada-sve\/","headline":"Baz\u00e9n si \u017e\u00e1d\u00e1 sv\u00e9","url":"https:\/\/www.vantu.cz\/bazen-si-zada-sve\/","datePublished":"2019-08-01","dateModified":"2019-08-01","mainEntityOfPage":"https:\/\/www.vantu.cz\/bazen-si-zada-sve\/","author":{"@type":"Person","@id":"https:\/\/www.vantu.cz\/author\/#Person","name":"","url":"https:\/\/www.vantu.cz\/author\/","identifier":1,"image":{"@type":"ImageObject","@id":"https:\/\/secure.gravatar.com\/avatar\/4eaadff62661a2c38386085c87f88f683e575f9fda122ff8560bf1208996f3c5?s=96&d=mm&r=g","url":"https:\/\/secure.gravatar.com\/avatar\/4eaadff62661a2c38386085c87f88f683e575f9fda122ff8560bf1208996f3c5?s=96&d=mm&r=g","height":96,"width":96}},"publisher":{"@type":"Organization","name":"vantu.cz","logo":{"@type":"ImageObject","@id":"\/logo.png","url":"\/logo.png","width":600,"height":60}},"image":{"@type":"ImageObject","@id":"https:\/\/www.vantu.cz\/wp-content\/uploads\/img_a363094_w3107_t1575905243.jpg","url":"https:\/\/www.vantu.cz\/wp-content\/uploads\/img_a363094_w3107_t1575905243.jpg","height":0,"width":0},"wordCount":602,"keywords":null},{"@type":"Article","@id":"https:\/\/www.vantu.cz\/nejoblibenejsi-weby-v-cechach-i-zahranici\/","headline":"Nejobl\u00edben\u011bj\u0161\u00ed weby v \u010cech\u00e1ch i zahrani\u010d\u00ed","url":"https:\/\/www.vantu.cz\/nejoblibenejsi-weby-v-cechach-i-zahranici\/","datePublished":"2019-06-18","dateModified":"2019-06-18","mainEntityOfPage":"https:\/\/www.vantu.cz\/nejoblibenejsi-weby-v-cechach-i-zahranici\/","author":{"@type":"Person","@id":"https:\/\/www.vantu.cz\/author\/#Person","name":"","url":"https:\/\/www.vantu.cz\/author\/","identifier":1,"image":{"@type":"ImageObject","@id":"https:\/\/secure.gravatar.com\/avatar\/4eaadff62661a2c38386085c87f88f683e575f9fda122ff8560bf1208996f3c5?s=96&d=mm&r=g","url":"https:\/\/secure.gravatar.com\/avatar\/4eaadff62661a2c38386085c87f88f683e575f9fda122ff8560bf1208996f3c5?s=96&d=mm&r=g","height":96,"width":96}},"publisher":{"@type":"Organization","name":"vantu.cz","logo":{"@type":"ImageObject","@id":"\/logo.png","url":"\/logo.png","width":600,"height":60}},"image":{"@type":"ImageObject","@id":"https:\/\/www.vantu.cz\/wp-content\/uploads\/img_a346913_w2030_t1561209744.jpg","url":"https:\/\/www.vantu.cz\/wp-content\/uploads\/img_a346913_w2030_t1561209744.jpg","height":0,"width":0},"wordCount":587,"keywords":null},{"@type":"Article","@id":"https:\/\/www.vantu.cz\/veci-pro-miminko-neni-nikdy-dost\/","headline":"V\u011bc\u00ed pro miminko nen\u00ed nikdy dost","url":"https:\/\/www.vantu.cz\/veci-pro-miminko-neni-nikdy-dost\/","datePublished":"2018-11-04","dateModified":"2018-11-04","mainEntityOfPage":"https:\/\/www.vantu.cz\/veci-pro-miminko-neni-nikdy-dost\/","author":{"@type":"Person","@id":"https:\/\/www.vantu.cz\/author\/#Person","name":"","url":"https:\/\/www.vantu.cz\/author\/","identifier":1,"image":{"@type":"ImageObject","@id":"https:\/\/secure.gravatar.com\/avatar\/4eaadff62661a2c38386085c87f88f683e575f9fda122ff8560bf1208996f3c5?s=96&d=mm&r=g","url":"https:\/\/secure.gravatar.com\/avatar\/4eaadff62661a2c38386085c87f88f683e575f9fda122ff8560bf1208996f3c5?s=96&d=mm&r=g","height":96,"width":96}},"publisher":{"@type":"Organization","name":"vantu.cz","logo":{"@type":"ImageObject","@id":"\/logo.png","url":"\/logo.png","width":600,"height":60}},"image":{"@type":"ImageObject","@id":"https:\/\/www.vantu.cz\/wp-content\/uploads\/img_a330906_w1702_t1543338226.jpg","url":"https:\/\/www.vantu.cz\/wp-content\/uploads\/img_a330906_w1702_t1543338226.jpg","height":0,"width":0},"wordCount":4473,"keywords":null}]},{"@context":"https:\/\/schema.org","@type":"WebSite","@id":"https:\/\/www.vantu.cz\/#website","name":"Vantu","url":"https:\/\/www.vantu.cz","potentialAction":{"@type":"SearchAction","target":"https:\/\/www.vantu.cz\/?s={search_term_string}","query-input":"required name=search_term_string"}}]