[{"@context":"https:\/\/schema.org\/","@type":"Article","@id":"https:\/\/www.vantu.cz\/podlozka-pod-zidli\/#Article","mainEntityOfPage":"https:\/\/www.vantu.cz\/podlozka-pod-zidli\/","headline":"Podlo\u017eka pod \u017eidli","name":"Podlo\u017eka pod \u017eidli","description":"St\u011bhov\u00e1n\u00ed je n\u011bkdy slo\u017eit\u00e1 v\u011bc Podlo\u017eka pod \u017eidli St\u011bhov\u00e1n\u00ed je n\u011bkdy slo\u017eit\u00e1 v\u011bc. N\u011bkter\u00e9 v\u011bci takov\u00e9 p\u0159esuny nezvl\u00e1dnou a zk\u00e1tka se rozpadnou, nebo se poni\u010d\u00ed jinak, ale pak u\u017e nejdou pou\u017e\u00edt. Pokud se V\u00e1m toto stalo s \u017eidl\u00ed, kterou jste m\u011bli v pracovn\u011b, nemus\u00edte si d\u011blat starosti. Nov\u00e1 se bude v nov\u00e9 pracovn\u011b vyj\u00edmat skv\u011ble a kdy\u017e k n\u00ed bude i podlo\u017eka pod \u017eidli, pak to bude super. Podlo\u017eka pod \u017eidli Se st\u011bhov\u00e1n\u00edm jsou v\u017edy n\u011bjak\u00e9 probl\u00e9my a pot\u00ed\u017ee. Mo\u017en\u00e1 je to t\u00edm, \u017ee chce \u010dlov\u011bk do nov\u00e9ho tak moc, \u017ee sp\u011bch\u00e1 v\u00edce, ne\u017e by se hodilo. Pokud se V\u00e1m tedy stane, \u017ee se zni\u010d\u00ed n\u011bkter\u00e1 v\u011bc, ned\u011blejte si s t\u00edm moc starost\u00ed. Nov\u00e9 a modern\u00ed kousky jsou dnes za p\u0159ijateln\u00e9 ceny. I takov\u00e1 Podlo\u017eka pod \u017eidli . St\u011bhov\u00e1n\u00ed Vybavit si novou pracovnu bude mo\u017en\u00e1 i z\u00e1bavn\u00e9, ne\u017e jste se p\u0159est\u011bhovali, jakou jste m\u011bli pracovnu? \u0158\u00edk\u00e1te, \u017ee byla takov\u00e1 men\u0161\u00ed a se star\u0161\u00edm n\u00e1bytkem? Tak pokud m\u00e1te r\u00e1di modern\u00ed v\u011bci, zkuste si je nakoupit a vybavit si tak perfektn\u011b svou pracovnu. Figurovat by zde mohla i podlo\u017eka pod \u017eidli. 5\/5 - (1 vote)","datePublished":"2024-11-13","dateModified":"2024-11-13","author":{"@type":"Person","@id":"https:\/\/www.vantu.cz\/author\/#Person","name":"","url":"https:\/\/www.vantu.cz\/author\/","identifier":1,"image":{"@type":"ImageObject","@id":"https:\/\/secure.gravatar.com\/avatar\/4eaadff62661a2c38386085c87f88f683e575f9fda122ff8560bf1208996f3c5?s=96&d=mm&r=g","url":"https:\/\/secure.gravatar.com\/avatar\/4eaadff62661a2c38386085c87f88f683e575f9fda122ff8560bf1208996f3c5?s=96&d=mm&r=g","height":96,"width":96}},"publisher":{"@type":"Organization","name":"vantu.cz","logo":{"@type":"ImageObject","@id":"\/logo.png","url":"\/logo.png","width":600,"height":60}},"url":"https:\/\/www.vantu.cz\/podlozka-pod-zidli\/","wordCount":239,"articleBody":"St\u011bhov\u00e1n\u00ed je n\u011bkdy slo\u017eit\u00e1 v\u011bcPodlo\u017eka pod \u017eidliSt\u011bhov\u00e1n\u00ed je n\u011bkdy slo\u017eit\u00e1 v\u011bc. N\u011bkter\u00e9 v\u011bci takov\u00e9 p\u0159esuny nezvl\u00e1dnou a zk\u00e1tka se rozpadnou, nebo se poni\u010d\u00ed jinak, ale pak u\u017e nejdou pou\u017e\u00edt. Pokud se V\u00e1m toto stalo s \u017eidl\u00ed, kterou jste m\u011bli v pracovn\u011b, nemus\u00edte si d\u011blat starosti. Nov\u00e1 se bude v nov\u00e9 pracovn\u011b vyj\u00edmat skv\u011ble a kdy\u017e k n\u00ed bude i podlo\u017eka pod \u017eidli, pak to bude super.Podlo\u017eka pod \u017eidli Se st\u011bhov\u00e1n\u00edm jsou v\u017edy n\u011bjak\u00e9 probl\u00e9my a pot\u00ed\u017ee. Mo\u017en\u00e1 je to t\u00edm, \u017ee chce \u010dlov\u011bk do nov\u00e9ho tak moc, \u017ee sp\u011bch\u00e1 v\u00edce, ne\u017e by se hodilo. Pokud se V\u00e1m tedy stane, \u017ee se zni\u010d\u00ed n\u011bkter\u00e1 v\u011bc, ned\u011blejte si s t\u00edm moc starost\u00ed. Nov\u00e9 a modern\u00ed kousky jsou dnes za p\u0159ijateln\u00e9 ceny. I takov\u00e1 Podlo\u017eka pod \u017eidli  .St\u011bhov\u00e1n\u00edVybavit si novou pracovnu bude mo\u017en\u00e1 i z\u00e1bavn\u00e9, ne\u017e jste se p\u0159est\u011bhovali, jakou jste m\u011bli pracovnu? \u0158\u00edk\u00e1te, \u017ee byla takov\u00e1 men\u0161\u00ed a se star\u0161\u00edm n\u00e1bytkem? Tak pokud m\u00e1te r\u00e1di modern\u00ed v\u011bci, zkuste si je nakoupit a vybavit si tak perfektn\u011b svou pracovnu. Figurovat by zde mohla i podlo\u017eka pod \u017eidli.                                                                                                                                                                                                                                                                                                                                                                                        5\/5 - (1 vote)        "},{"@context":"https:\/\/schema.org\/","@type":"BreadcrumbList","itemListElement":[{"@type":"ListItem","position":1,"name":"Podlo\u017eka pod \u017eidli","item":"https:\/\/www.vantu.cz\/podlozka-pod-zidli\/#breadcrumbitem"}]}]