[{"@context":"https:\/\/schema.org\/","@type":"Article","@id":"https:\/\/www.vantu.cz\/prace-v-interieru\/#Article","mainEntityOfPage":"https:\/\/www.vantu.cz\/prace-v-interieru\/","headline":"Pr\u00e1ce v interi\u00e9ru","name":"Pr\u00e1ce v interi\u00e9ru","description":"N\u011bkdy lid\u00e9 jednodu\u0161e cht\u011bj\u00ed, aby to doma m\u011bli opravdu kr\u00e1sn\u011b ud\u011blan\u00e9, aby jejich interi\u00e9r byl opravdu \u0161pi\u010dkov\u00e9 kvality. Cht\u011bj\u00ed n\u011bco \u00fapln\u011b nov\u00e9ho, co nem\u00e1 jenom tak n\u011bkdo. A proto je nejlep\u0161\u00ed, \u017ee kdy\u017e u\u017e bydl\u00edte, tak si tak\u00e9 m\u016f\u017eete pronajmout n\u011bjak\u00e9ho bytov\u00e9ho architekta. Cena bytov\u00e9ho architekta z Prahy je opravdu r\u016fzn\u00e1. Pokud budete cht\u00edt zn\u00e1t cenu bytov\u00e9ho architekta z Prahy, tak se pod\u00edvejte na webov\u00e9 str\u00e1nky evalofa.com. Na tomto webu najdete opravdu v\u0161echno, co budete pot\u0159ebovat. A pokud se tak\u00e9 chcete ujistit, jestli bytov\u00fd architekt z Prahy je opravdu to prav\u00e9 o\u0159echov\u00e9 pro v\u00e1s, tak samoz\u0159ejm\u011b \u017ee i na internetu najdete r\u016fzn\u00e9 recenze. Nejlep\u0161\u00ed ale je, pokud se t\u0159eba s n\u011bk\u00fdm spoj\u00edte, kdo u\u017e vyu\u017eil slu\u017eby pra\u017esk\u00e9ho bytov\u00e9ho architekta a kdo tak\u00e9 u\u017e zn\u00e1 ceny. Samoz\u0159ejm\u011b, \u017ee na cen\u011b se d\u00e1 v\u017edycky domluvit, pokud tak\u00e9 m\u00e1te n\u011bjak\u00e9 p\u0159edstavy, jak by v\u00e1\u0161 interi\u00e9r m\u011bl vypadat, tak samoz\u0159ejm\u011b potom nen\u00ed na \u0161kodu, kdy\u017e i vy si t\u0159eba ud\u011bl\u00e1te n\u011bjak\u00fd n\u00e1\u010drtek anebo pl\u00e1nek anebo alespo\u0148 design\u00e9rovi v\u0161echno pop\u00ed\u0161ete a \u0159eknete, jak byste to cht\u011bli m\u00edt doma ud\u011blan\u00e9. Proto\u017ee potom je velik\u00e1 chyba, kdy\u017e mu \u0159eknete, \u017ee je to \u00fapln\u011b jedno, kdy\u017e t\u0159eba \u0159eknete, \u017ee chcete zelenou kuchy\u0148, a p\u0159itom ve skute\u010dnosti budete cht\u00edt r\u016f\u017eovou, opravdu se nesty\u010fte se za sv\u00e9 n\u00e1zory anebo za sv\u016fj vkus interi\u00e9ru. Bytov\u00fd architekt z Prahy je opravdu \u0161pi\u010dkov\u00fd. Moje kamar\u00e1dka ho pr\u00fd u\u017e tak\u00e9 m\u011bla dvakr\u00e1t a \u0159\u00edk\u00e1, \u017ee si ho je\u0161t\u011b pozve dom\u016f na d\u011btsk\u00fd pokoj, proto\u017ee \u010dekaj\u00ed druh\u00e9 d\u00edt\u011b. A proto\u017ee jejich prvn\u00ed d\u00edt\u011b tak\u00e9 m\u011blo pokoj navrhnut\u00fd od pra\u017esk\u00e9ho bytov\u00e9ho architekta, tak tak\u00e9 po\u017eaduj\u00ed, aby i druh\u00e9 d\u00edt\u011b m\u011blo tak\u00e9 bytov\u00e9ho pra\u017esk\u00e9ho architekta. J\u00e1 se tomu nediv\u00edm, alespo\u0148 se d\u011bti v budoucnu a v dosp\u011blosti nebudou v\u016fbec h\u00e1dat. Takhle bude m\u00edt ka\u017ed\u00e9 d\u00edt\u011b pokoj od bytov\u00e9ho architekta. Ale j\u00e1 se nediv\u00edm, dnes je bytov\u00fd architekt velice popul\u00e1rn\u00ed. 4.5\/5 - (6 votes)","datePublished":"2024-06-15","dateModified":"2024-06-15","author":{"@type":"Person","@id":"https:\/\/www.vantu.cz\/author\/#Person","name":"","url":"https:\/\/www.vantu.cz\/author\/","identifier":1,"image":{"@type":"ImageObject","@id":"https:\/\/secure.gravatar.com\/avatar\/4eaadff62661a2c38386085c87f88f683e575f9fda122ff8560bf1208996f3c5?s=96&d=mm&r=g","url":"https:\/\/secure.gravatar.com\/avatar\/4eaadff62661a2c38386085c87f88f683e575f9fda122ff8560bf1208996f3c5?s=96&d=mm&r=g","height":96,"width":96}},"publisher":{"@type":"Organization","name":"vantu.cz","logo":{"@type":"ImageObject","@id":"\/logo.png","url":"\/logo.png","width":600,"height":60}},"image":{"@type":"ImageObject","@id":"https:\/\/www.vantu.cz\/wp-content\/uploads\/spiral-staircase-877834_1280_1.jpg","url":"https:\/\/www.vantu.cz\/wp-content\/uploads\/spiral-staircase-877834_1280_1.jpg","height":0,"width":0},"url":"https:\/\/www.vantu.cz\/prace-v-interieru\/","about":["D\u016fm"],"wordCount":405,"articleBody":"   N\u011bkdy lid\u00e9 jednodu\u0161e cht\u011bj\u00ed, aby to doma m\u011bli opravdu kr\u00e1sn\u011b ud\u011blan\u00e9, aby jejich interi\u00e9r byl opravdu \u0161pi\u010dkov\u00e9 kvality. Cht\u011bj\u00ed n\u011bco \u00fapln\u011b nov\u00e9ho, co nem\u00e1 jenom tak n\u011bkdo. A proto je nejlep\u0161\u00ed, \u017ee kdy\u017e u\u017e bydl\u00edte, tak si tak\u00e9 m\u016f\u017eete pronajmout n\u011bjak\u00e9ho bytov\u00e9ho architekta. Cena bytov\u00e9ho architekta z Prahy je opravdu r\u016fzn\u00e1. Pokud budete cht\u00edt zn\u00e1t cenu bytov\u00e9ho architekta z Prahy, tak se pod\u00edvejte na webov\u00e9 str\u00e1nky evalofa.com. Na tomto webu najdete opravdu v\u0161echno, co budete pot\u0159ebovat. A pokud se tak\u00e9 chcete ujistit, jestli bytov\u00fd architekt z Prahy je opravdu to prav\u00e9 o\u0159echov\u00e9 pro v\u00e1s, tak samoz\u0159ejm\u011b \u017ee i na internetu najdete r\u016fzn\u00e9 recenze. Nejlep\u0161\u00ed ale je, pokud se t\u0159eba s n\u011bk\u00fdm spoj\u00edte, kdo u\u017e vyu\u017eil slu\u017eby pra\u017esk\u00e9ho bytov\u00e9ho architekta a kdo tak\u00e9 u\u017e zn\u00e1 ceny. Samoz\u0159ejm\u011b, \u017ee na cen\u011b se d\u00e1 v\u017edycky domluvit, pokud tak\u00e9 m\u00e1te n\u011bjak\u00e9 p\u0159edstavy, jak by v\u00e1\u0161 interi\u00e9r m\u011bl vypadat, tak samoz\u0159ejm\u011b potom nen\u00ed na \u0161kodu, kdy\u017e i vy si t\u0159eba ud\u011bl\u00e1te n\u011bjak\u00fd n\u00e1\u010drtek anebo pl\u00e1nek anebo alespo\u0148 design\u00e9rovi v\u0161echno pop\u00ed\u0161ete a \u0159eknete, jak byste to cht\u011bli m\u00edt doma ud\u011blan\u00e9. Proto\u017ee potom je velik\u00e1 chyba, kdy\u017e mu \u0159eknete, \u017ee je to \u00fapln\u011b jedno, kdy\u017e t\u0159eba \u0159eknete, \u017ee chcete zelenou kuchy\u0148, a p\u0159itom ve skute\u010dnosti budete cht\u00edt r\u016f\u017eovou, opravdu se nesty\u010fte se za sv\u00e9 n\u00e1zory anebo za sv\u016fj vkus interi\u00e9ru. Bytov\u00fd architekt z Prahy je opravdu \u0161pi\u010dkov\u00fd. Moje kamar\u00e1dka ho pr\u00fd u\u017e tak\u00e9 m\u011bla dvakr\u00e1t a \u0159\u00edk\u00e1, \u017ee si ho je\u0161t\u011b pozve dom\u016f na d\u011btsk\u00fd pokoj, proto\u017ee \u010dekaj\u00ed druh\u00e9 d\u00edt\u011b. A proto\u017ee jejich prvn\u00ed d\u00edt\u011b tak\u00e9 m\u011blo pokoj navrhnut\u00fd od pra\u017esk\u00e9ho bytov\u00e9ho architekta, tak tak\u00e9 po\u017eaduj\u00ed, aby i druh\u00e9 d\u00edt\u011b m\u011blo tak\u00e9 bytov\u00e9ho pra\u017esk\u00e9ho architekta. J\u00e1 se tomu nediv\u00edm, alespo\u0148 se d\u011bti v budoucnu a v dosp\u011blosti nebudou v\u016fbec h\u00e1dat. Takhle bude m\u00edt ka\u017ed\u00e9 d\u00edt\u011b pokoj od bytov\u00e9ho architekta. Ale j\u00e1 se nediv\u00edm, dnes je bytov\u00fd architekt velice popul\u00e1rn\u00ed.                                                                                                                                                                                                                                                                                                                                                                                           4.5\/5 - (6 votes)        "},{"@context":"https:\/\/schema.org\/","@type":"BreadcrumbList","itemListElement":[{"@type":"ListItem","position":1,"name":"Pr\u00e1ce v interi\u00e9ru","item":"https:\/\/www.vantu.cz\/prace-v-interieru\/#breadcrumbitem"}]}]