[{"@context":"https:\/\/schema.org\/","@type":"Article","@id":"https:\/\/www.vantu.cz\/pronajem-automobilu\/#Article","mainEntityOfPage":"https:\/\/www.vantu.cz\/pronajem-automobilu\/","headline":"Pron\u00e1jem automobil\u016f","name":"Pron\u00e1jem automobil\u016f","description":"Ka\u017ed\u00fd z n\u00e1s se n\u011bkdy v \u017eivot\u011b dostane do situace, kdy mu vypov\u00ed jeho osobn\u00ed automobil v t\u00e9 nejhor\u0161\u00ed mo\u017en\u00e9 chv\u00edli. V takov\u00e9m p\u0159\u00edpad\u011b se m\u016f\u017eete obr\u00e1tit na rodinu, nebo p\u0159\u00e1tel\u00e9, kte\u0159\u00ed V\u00e1m automobil p\u016fj\u010d\u00ed. Pokud v\u0161ak tuto mo\u017enost nem\u00e1te, tak nev\u00e1hejte a p\u016fj\u010dte si automobil v osv\u011bd\u010den\u00e9 p\u016fj\u010dovn\u011b, kter\u00e1 m\u00e1 letit\u00e9 zku\u0161enosti. Levn\u00e1 autop\u016fj\u010dovna Praha, V\u00e1m nab\u00eddne pron\u00e1jem automobil\u016f a to jak na kr\u00e1tkodob\u00ed, tak na dlouhodob\u00ed pron\u00e1jem. Tato autop\u016fj\u010dovna se zab\u00fdv\u00e1 p\u0159ev\u00e1\u017en\u011b pron\u00e1jem vozu zna\u010dky \u0160koda a zakl\u00e1d\u00e1 si na t\u00e9to zna\u010dce. Na v\u00fdb\u011br V\u00e1m nab\u00eddne hned n\u011bkolik voz\u016f t\u00e9to zna\u010dky a to v perfektn\u00edm stavu. Zap\u016fj\u010dit si m\u016f\u017eete vozy \u0160koda Fabia, Octavia, ale tak\u00e9 osv\u011bd\u010denou klasiku v podob\u011b Felicie. P\u0159ed p\u016fj\u010den\u00edm jsou v\u0161echny vozy zkontrolov\u00e1ny a nem\u011bl by b\u00fdt probl\u00e9m s poruchou, \u010di jinou z\u00e1vadou. Ke v\u0161em voz\u016fm jsou poskytov\u00e1ny dopl\u0148kov\u00e9 slu\u017eby, kter\u00e9 V\u00e1m zp\u0159\u00edjemn\u00ed pron\u00e1jem. Jedn\u00e1 se o v\u00fdhody v podob\u011b d\u011btsk\u00e9 seda\u010dky, \u010di podsed\u00e1ku pro d\u011bti. V\u0161echny vozy jsou tak\u00e9 vybaveny d\u00e1lni\u010dn\u00ed zn\u00e1mkou pro celou \u010ceskou republiku, a pokud se chyst\u00e1te v zim\u011b na hory, tak se m\u016f\u017eete t\u011b\u0161it na sn\u011bhov\u00e9 \u0159et\u011bzy. Na vy\u017e\u00e1d\u00e1n\u00ed si m\u016f\u017eete p\u016fj\u010dit tak\u00e9 navigaci, se kterou tref\u00edte zd\u00e1rn\u011b do c\u00edle. Mezi dal\u0161\u00ed samoz\u0159ejmosti pat\u0159\u00ed tak\u00e9 poji\u0161t\u011bn\u00ed a to proti kr\u00e1de\u017ei a odcizen\u00ed. V\u0161echny tyto slu\u017eby jsou poskytov\u00e1ny k pron\u00e1jmu automobilu zdarma a bez jak\u00e9hokoliv p\u0159\u00edplatku. Nav\u00edc pokud si automobil p\u016fj\u010d\u00edte na deset dn\u00ed a v\u00edce, tak se m\u016f\u017eete t\u011b\u0161it na jeden den pron\u00e1jmu zdarma a to se vyplat\u00ed. Na webov\u00fdch str\u00e1nk\u00e1ch firmy se m\u016f\u017eete pod\u00edvat na kompletn\u00ed cen\u00edk pron\u00e1jmu a to v\u010detn\u011b pron\u00e1jmu na cel\u00fd m\u011bs\u00edc. Tak\u00e9 zde najdete zaj\u00edmavosti o firm\u011b a jejich za\u010d\u00e1tc\u00edch. Pokud tedy hled\u00e1te spolehliv\u00fd pron\u00e1jem, tak se obra\u0165te na tuto spole\u010dnost. Zaru\u010den\u011b nebudete pron\u00e1jmu litovat a p\u0159\u00edpad\u011b poruchy se na n\u011b v\u017edy obr\u00e1t\u00edte. Proto nev\u00e1hejte a v\u017edy zvolte tuto mo\u017enost. 5\/5 - (3 votes)","datePublished":"2021-06-28","dateModified":"2021-06-28","author":{"@type":"Person","@id":"https:\/\/www.vantu.cz\/author\/#Person","name":"","url":"https:\/\/www.vantu.cz\/author\/","identifier":1,"image":{"@type":"ImageObject","@id":"https:\/\/secure.gravatar.com\/avatar\/4eaadff62661a2c38386085c87f88f683e575f9fda122ff8560bf1208996f3c5?s=96&d=mm&r=g","url":"https:\/\/secure.gravatar.com\/avatar\/4eaadff62661a2c38386085c87f88f683e575f9fda122ff8560bf1208996f3c5?s=96&d=mm&r=g","height":96,"width":96}},"publisher":{"@type":"Organization","name":"vantu.cz","logo":{"@type":"ImageObject","@id":"\/logo.png","url":"\/logo.png","width":600,"height":60}},"image":{"@type":"ImageObject","@id":"https:\/\/www.vantu.cz\/wp-content\/uploads\/autop%C5%AFj%C4%8Dovna%20(2)_5.jpg","url":"https:\/\/www.vantu.cz\/wp-content\/uploads\/autop%C5%AFj%C4%8Dovna%20(2)_5.jpg","height":0,"width":0},"url":"https:\/\/www.vantu.cz\/pronajem-automobilu\/","about":["Zbo\u017e\u00ed"],"wordCount":435,"articleBody":"   Ka\u017ed\u00fd z n\u00e1s se n\u011bkdy v \u017eivot\u011b dostane do situace, kdy mu vypov\u00ed jeho osobn\u00ed automobil v t\u00e9 nejhor\u0161\u00ed mo\u017en\u00e9 chv\u00edli. V takov\u00e9m p\u0159\u00edpad\u011b se m\u016f\u017eete obr\u00e1tit na rodinu, nebo p\u0159\u00e1tel\u00e9, kte\u0159\u00ed V\u00e1m automobil p\u016fj\u010d\u00ed. Pokud v\u0161ak tuto mo\u017enost nem\u00e1te, tak nev\u00e1hejte a p\u016fj\u010dte si automobil v osv\u011bd\u010den\u00e9 p\u016fj\u010dovn\u011b, kter\u00e1 m\u00e1 letit\u00e9 zku\u0161enosti. Levn\u00e1 autop\u016fj\u010dovna Praha, V\u00e1m nab\u00eddne pron\u00e1jem automobil\u016f a to jak na kr\u00e1tkodob\u00ed, tak na dlouhodob\u00ed pron\u00e1jem.Tato autop\u016fj\u010dovna se zab\u00fdv\u00e1 p\u0159ev\u00e1\u017en\u011b pron\u00e1jem vozu zna\u010dky \u0160koda a zakl\u00e1d\u00e1 si na t\u00e9to zna\u010dce. Na v\u00fdb\u011br V\u00e1m nab\u00eddne hned n\u011bkolik voz\u016f t\u00e9to zna\u010dky a to v perfektn\u00edm stavu. Zap\u016fj\u010dit si m\u016f\u017eete vozy \u0160koda Fabia, Octavia, ale tak\u00e9 osv\u011bd\u010denou klasiku v podob\u011b Felicie. P\u0159ed p\u016fj\u010den\u00edm jsou v\u0161echny vozy zkontrolov\u00e1ny a nem\u011bl by b\u00fdt probl\u00e9m s poruchou, \u010di jinou z\u00e1vadou.Ke v\u0161em voz\u016fm jsou poskytov\u00e1ny dopl\u0148kov\u00e9 slu\u017eby, kter\u00e9 V\u00e1m zp\u0159\u00edjemn\u00ed pron\u00e1jem. Jedn\u00e1 se o v\u00fdhody v podob\u011b d\u011btsk\u00e9 seda\u010dky, \u010di podsed\u00e1ku pro d\u011bti. V\u0161echny vozy jsou tak\u00e9 vybaveny d\u00e1lni\u010dn\u00ed zn\u00e1mkou pro celou \u010ceskou republiku, a pokud se chyst\u00e1te v zim\u011b na hory, tak se m\u016f\u017eete t\u011b\u0161it na sn\u011bhov\u00e9 \u0159et\u011bzy. Na vy\u017e\u00e1d\u00e1n\u00ed si m\u016f\u017eete p\u016fj\u010dit tak\u00e9 navigaci, se kterou tref\u00edte zd\u00e1rn\u011b do c\u00edle. Mezi dal\u0161\u00ed samoz\u0159ejmosti pat\u0159\u00ed tak\u00e9 poji\u0161t\u011bn\u00ed a to proti kr\u00e1de\u017ei a odcizen\u00ed. V\u0161echny tyto slu\u017eby jsou poskytov\u00e1ny k pron\u00e1jmu automobilu zdarma a bez jak\u00e9hokoliv p\u0159\u00edplatku. Nav\u00edc pokud si automobil p\u016fj\u010d\u00edte na deset dn\u00ed a v\u00edce, tak se m\u016f\u017eete t\u011b\u0161it na jeden den pron\u00e1jmu zdarma a to se vyplat\u00ed.Na webov\u00fdch str\u00e1nk\u00e1ch firmy se m\u016f\u017eete pod\u00edvat na kompletn\u00ed cen\u00edk pron\u00e1jmu a to v\u010detn\u011b pron\u00e1jmu na cel\u00fd m\u011bs\u00edc. Tak\u00e9 zde najdete zaj\u00edmavosti o firm\u011b a jejich za\u010d\u00e1tc\u00edch.Pokud tedy hled\u00e1te spolehliv\u00fd pron\u00e1jem, tak se obra\u0165te na tuto spole\u010dnost. Zaru\u010den\u011b nebudete pron\u00e1jmu litovat a p\u0159\u00edpad\u011b poruchy se na n\u011b v\u017edy obr\u00e1t\u00edte. Proto nev\u00e1hejte a v\u017edy zvolte tuto mo\u017enost.                                                                                                                                                                                                                                                                                                                                                                                          5\/5 - (3 votes)        "},{"@context":"https:\/\/schema.org\/","@type":"BreadcrumbList","itemListElement":[{"@type":"ListItem","position":1,"name":"Pron\u00e1jem automobil\u016f","item":"https:\/\/www.vantu.cz\/pronajem-automobilu\/#breadcrumbitem"}]}]