[{"@context":"https:\/\/schema.org\/","@type":"Article","@id":"https:\/\/www.vantu.cz\/rodice-a-zabava\/#Article","mainEntityOfPage":"https:\/\/www.vantu.cz\/rodice-a-zabava\/","headline":"Rodi\u010de a z\u00e1bava","name":"Rodi\u010de a z\u00e1bava","description":"Po\u0159\u00e1dn\u011b\u00a0si\u00a0zabavit a u\u017e\u00edvat si \u017eivota. Tak to je n\u011bkdy opravdu n\u00e1ro\u010dn\u00e9. A to zvl\u00e1\u0161\u0165, pokud m\u00e1te nap\u0159\u00edklad d\u011bti. A kdy\u017e m\u00e1te je\u0161t\u011b k tomu mal\u00e9 d\u011bti, t\u0159eba p\u011btilet\u00e9 d\u011bti anebo v t\u0159\u00edlet\u00e9 d\u011bti, tak to m\u016f\u017ee b\u00fdt opravdu hodn\u011b n\u00e1ro\u010dn\u00e9. Kdy\u017e nem\u00e1te t\u0159eba n\u011bkoho, kdo by v\u00e1m pohl\u00eddal d\u011bti, tak to nejde tak jednodu\u0161e, abyste si t\u0159eba vzali n\u011bkoho na hl\u00edd\u00e1n\u00ed. Anebo t\u0159eba abyste \u0161li s kamar\u00e1dkami n\u011bkam na diskot\u00e9ku anebo na p\u00e1rty. Nap\u0159\u00edklad moje babi\u010dka \u0159\u00edk\u00e1, \u017ee kdy\u017e m\u00e1 n\u011bkdo d\u00edt\u011b, \u017ee m\u00e1 u\u017e st\u00e1le jenom sed\u011bt doma, jenom\u017ee mi uka\u017ete na n\u011bjakou \u017eenu, kter\u00e9 je t\u0159eba dvacet dva\u00a0let a m\u00e1 dvoulet\u00e9 d\u00edt\u011b. To u\u017e jako od sv\u00fdch dvaadvaceti let nep\u016fjde se nikam bavit?\u00a0Babi\u010dka \u0159\u00edkala, \u017ee jedin\u011b v ten okam\u017eik, kdy je t\u0159eba d\u00edt\u011bti deset\u00a0let a v\u00edce. Podle m\u00e9ho n\u00e1zoru tohle je blbost. Proto\u017ee je babi\u010dka je\u0161t\u011b ze star\u00e9 \u0161koly a mysl\u00ed si, \u017ee \u017eena, kter\u00e1 m\u00e1 d\u00edt\u011b, u\u017e bude na do\u017eivot\u00ed u\u017e n\u011bkde zav\u0159en\u00e1 doma jako n\u011bjak\u00fd otrok. U m\u011b to tedy neplat\u00ed, i kdy\u017e jsem sv\u00e9 prvn\u00ed\u00a0d\u00edt\u011b m\u011bla v p\u011btadvaceti letech, tak kdy\u017e synovi byl rok a p\u016fl, tak u\u017e norm\u00e1ln\u011b na v\u00edkend jezdil k babi\u010dce. Prvn\u00ed\u00a0babi\u010dce, proto\u017ee druh\u00e9\u00a0to vadilo druh\u00e9\u00a0babi\u010dce, tedy moj\u00ed m\u00e1m\u011b vadilo, \u017ee d\u00e1v\u00e1m hl\u00eddat mal\u00e9 d\u00edt\u011b jako sv\u00e9 tchyni, jenom kv\u016fli tomu, abych mohla sjet n\u011bkam zabavit s kamar\u00e1dkami. Jenom\u017ee j\u00e1 osobn\u011b zat\u00edm absolutn\u011b nevid\u00edm v\u016fbec nic \u0161patn\u00e9ho. Pro\u010d byste d\u00edt\u011b nemohlo odbavit? V\u017edy\u0165 je to rodina, tak\u017ee jsem si \u0159ekla, \u017ee nebudu poslouchat svou m\u00e1mu a \u017ee nebudu jenom tak\u00a0sed\u011bt doma, \u017ee jednodu\u0161e to ud\u011bl\u00e1m tak, \u017ee d\u00e1m ke sv\u00e9 tch\u00fdni syna a norm\u00e1ln\u011b tam bude cel\u00fd v\u00edkend nejlep\u0161\u00ed. Toti\u017e na tom je, \u017ee syn je zvykl\u00fd a l\u00edb\u00ed se mu tam, v\u016fbec nebre\u010d\u00ed, tak\u017ee pokud i vy m\u00e1te mal\u00e9 d\u011bti a chcete j\u00edt n\u011bkam na z\u00e1bavu, tak v\u016fbec nemus\u00edte m\u00edt \u017e\u00e1dn\u00e9 v\u00fd\u010ditky sv\u011bdom\u00ed. Pro\u010d byste je m\u011bli? Nev\u00edm, v\u017edy\u0165 se p\u0159ece m\u016f\u017eete zabavit i sama. J\u00e1 v\u017edycky, kdy\u017e n\u011bkam chci ve\u010der j\u00edt, tak si vezmu syna do n\u011bjak\u00e9ho d\u011btsk\u00e9ho koutku. Kr\u00e1sn\u011b si hrajeme, abych t\u0159eba nem\u011bla v\u00fd\u010ditky sv\u011bdom\u00ed, \u017ee jsem si se synem ten den nehr\u00e1la. Vad\u00ed to?\u00a0 4.3\/5 - (7 votes)","datePublished":"2023-10-30","dateModified":"2023-10-30","author":{"@type":"Person","@id":"https:\/\/www.vantu.cz\/author\/#Person","name":"","url":"https:\/\/www.vantu.cz\/author\/","identifier":1,"image":{"@type":"ImageObject","@id":"https:\/\/secure.gravatar.com\/avatar\/4eaadff62661a2c38386085c87f88f683e575f9fda122ff8560bf1208996f3c5?s=96&d=mm&r=g","url":"https:\/\/secure.gravatar.com\/avatar\/4eaadff62661a2c38386085c87f88f683e575f9fda122ff8560bf1208996f3c5?s=96&d=mm&r=g","height":96,"width":96}},"publisher":{"@type":"Organization","name":"vantu.cz","logo":{"@type":"ImageObject","@id":"\/logo.png","url":"\/logo.png","width":600,"height":60}},"image":{"@type":"ImageObject","@id":"https:\/\/www.vantu.cz\/wp-content\/uploads\/kid-5687952_1280.jpg","url":"https:\/\/www.vantu.cz\/wp-content\/uploads\/kid-5687952_1280.jpg","height":0,"width":0},"url":"https:\/\/www.vantu.cz\/rodice-a-zabava\/","about":["Z\u00e1bava"],"wordCount":491,"articleBody":"Po\u0159\u00e1dn\u011b\u00a0si\u00a0zabavit a u\u017e\u00edvat si \u017eivota. Tak to je n\u011bkdy opravdu n\u00e1ro\u010dn\u00e9. A to zvl\u00e1\u0161\u0165, pokud m\u00e1te nap\u0159\u00edklad d\u011bti. A kdy\u017e m\u00e1te je\u0161t\u011b k tomu mal\u00e9 d\u011bti, t\u0159eba p\u011btilet\u00e9 d\u011bti anebo v t\u0159\u00edlet\u00e9 d\u011bti, tak to m\u016f\u017ee b\u00fdt opravdu hodn\u011b n\u00e1ro\u010dn\u00e9. Kdy\u017e nem\u00e1te t\u0159eba n\u011bkoho, kdo by v\u00e1m pohl\u00eddal d\u011bti, tak to nejde tak jednodu\u0161e, abyste si t\u0159eba vzali n\u011bkoho na hl\u00edd\u00e1n\u00ed. Anebo t\u0159eba abyste \u0161li s kamar\u00e1dkami n\u011bkam na diskot\u00e9ku anebo na p\u00e1rty. Nap\u0159\u00edklad moje babi\u010dka \u0159\u00edk\u00e1, \u017ee kdy\u017e m\u00e1 n\u011bkdo d\u00edt\u011b, \u017ee m\u00e1 u\u017e st\u00e1le jenom sed\u011bt doma, jenom\u017ee mi uka\u017ete na n\u011bjakou \u017eenu, kter\u00e9 je t\u0159eba dvacet dva\u00a0let a m\u00e1 dvoulet\u00e9 d\u00edt\u011b. To u\u017e jako od sv\u00fdch dvaadvaceti let nep\u016fjde se nikam bavit?\u00a0Babi\u010dka \u0159\u00edkala, \u017ee jedin\u011b v ten okam\u017eik, kdy je t\u0159eba d\u00edt\u011bti deset\u00a0let a v\u00edce. Podle m\u00e9ho n\u00e1zoru tohle je blbost. Proto\u017ee je babi\u010dka je\u0161t\u011b ze star\u00e9 \u0161koly a mysl\u00ed si, \u017ee \u017eena, kter\u00e1 m\u00e1 d\u00edt\u011b, u\u017e bude na do\u017eivot\u00ed u\u017e n\u011bkde zav\u0159en\u00e1 doma jako n\u011bjak\u00fd otrok. U m\u011b to tedy neplat\u00ed, i kdy\u017e jsem sv\u00e9 prvn\u00ed\u00a0d\u00edt\u011b m\u011bla v p\u011btadvaceti letech, tak kdy\u017e synovi byl rok a p\u016fl, tak u\u017e norm\u00e1ln\u011b na v\u00edkend jezdil k babi\u010dce. Prvn\u00ed\u00a0babi\u010dce, proto\u017ee druh\u00e9\u00a0to vadilo druh\u00e9\u00a0babi\u010dce, tedy moj\u00ed m\u00e1m\u011b vadilo, \u017ee d\u00e1v\u00e1m hl\u00eddat mal\u00e9 d\u00edt\u011b jako sv\u00e9 tchyni, jenom kv\u016fli tomu, abych mohla sjet n\u011bkam zabavit s kamar\u00e1dkami.Jenom\u017ee j\u00e1 osobn\u011b zat\u00edm absolutn\u011b nevid\u00edm v\u016fbec nic \u0161patn\u00e9ho. Pro\u010d byste d\u00edt\u011b nemohlo odbavit? V\u017edy\u0165 je to rodina, tak\u017ee jsem si \u0159ekla, \u017ee nebudu poslouchat svou m\u00e1mu a \u017ee nebudu jenom tak\u00a0sed\u011bt doma, \u017ee jednodu\u0161e to ud\u011bl\u00e1m tak, \u017ee d\u00e1m ke sv\u00e9 tch\u00fdni syna a norm\u00e1ln\u011b tam bude cel\u00fd v\u00edkend nejlep\u0161\u00ed. Toti\u017e na tom je, \u017ee syn je zvykl\u00fd a l\u00edb\u00ed se mu tam, v\u016fbec nebre\u010d\u00ed, tak\u017ee pokud i vy m\u00e1te mal\u00e9 d\u011bti a chcete j\u00edt n\u011bkam na z\u00e1bavu, tak v\u016fbec nemus\u00edte m\u00edt \u017e\u00e1dn\u00e9 v\u00fd\u010ditky sv\u011bdom\u00ed. Pro\u010d byste je m\u011bli? Nev\u00edm, v\u017edy\u0165 se p\u0159ece m\u016f\u017eete zabavit i sama. J\u00e1 v\u017edycky, kdy\u017e n\u011bkam chci ve\u010der j\u00edt, tak si vezmu syna do n\u011bjak\u00e9ho d\u011btsk\u00e9ho koutku. Kr\u00e1sn\u011b si hrajeme, abych t\u0159eba nem\u011bla v\u00fd\u010ditky sv\u011bdom\u00ed, \u017ee jsem si se synem ten den nehr\u00e1la. Vad\u00ed to?\u00a0                                                                                                                                                                                                                                                                                                                                                                                        4.3\/5 - (7 votes)        "},{"@context":"https:\/\/schema.org\/","@type":"BreadcrumbList","itemListElement":[{"@type":"ListItem","position":1,"name":"Rodi\u010de a z\u00e1bava","item":"https:\/\/www.vantu.cz\/rodice-a-zabava\/#breadcrumbitem"}]}]