[{"@context":"https:\/\/schema.org\/","@type":"Article","@id":"https:\/\/www.vantu.cz\/uklid-a-uklizeni\/#Article","mainEntityOfPage":"https:\/\/www.vantu.cz\/uklid-a-uklizeni\/","headline":"\u00daklid a ukl\u00edzen\u00ed","name":"\u00daklid a ukl\u00edzen\u00ed","description":"M\u00edt doma po\u0159\u00e1dek je dobrou vizitkou nejenom pro pan\u00ed dom\u00e1c\u00ed ale taky pro ostatn\u00ed \u010dleny rodiny. Nemus\u00edte se b\u00e1t, \u017ee v\u00e1m zazvon\u00ed n\u00e1v\u0161t\u011bva a vy ji nech\u00e1te patn\u00e1ct minut \u010dekat aby, jste uklidili alespo\u0148 ten z\u00e1klad. Samoz\u0159ejm\u011b taky se to nesm\u00ed p\u0159eh\u00e1n\u011bt. Ka\u017ed\u00fd t\u00fdden luxovat podlahu, nebo m\u00edt okna, pr\u00e1t z\u00e1clony a b\u011bhat po\u0159\u00e1d s had\u0159\u00edkem a smet\u00e1\u010dkem nen\u00ed celkem v po\u0159\u00e1dku. Jednodu\u0161e si zvolit zlatou st\u0159edn\u00ed cestu. P\u0159ed velk\u00fdmi sv\u00e1tky to vyluxovat a vygruntovat a pak to cel\u00fd rok jenom dola\u010fovat. To si mysl\u00edm \u017ee by m\u011blo b\u00fdt tak akor\u00e1t. Tak\u017ee se budete c\u00edtit p\u0159\u00edjemn\u011b nejenom vy ale u\u017e i zm\u00edn\u011bn\u00e1 n\u00e1hodn\u00e1 n\u00e1v\u0161t\u011bva. Takov\u00fd po\u0159\u00e1dek by m\u011bl b\u00fdt p\u0159irozen\u011b v\u0161ude. Na ulic\u00edch, h\u0159i\u0161t\u00edch dokonce i v lese a k tomu m\u016f\u017eeme p\u0159isp\u011bt i my svoji zodpov\u011bdnosti. To ov\u0161em nen\u00ed v\u0161e. Taky bychom mohli zm\u00ednit podniky a obchody, \u00fa\u0159ady a kancel\u00e1\u0159e. Ur\u010dit\u011b se v\u0161ichni budeme l\u00edp c\u00edtit v \u010dist\u00e9 kancel\u00e1\u0159i p\u0159\u00edpadn\u011b na chodb\u011b kde je pot\u0159ebn\u00e9 chv\u00edli \u010dekat. Firmy si na \u00faklid naj\u00edmaj\u00ed r\u016fzn\u00e9 firmy. Ne v\u0161ak v\u0161ichni to berou zodpov\u011bdn\u011b. Jsou firmy, kter\u00e9 ukl\u00edzej\u00ed jenom tak aby se ne\u0159eklo. A pak se div\u00ed, kdy\u017e s nimi firmy ukon\u010d\u00ed spolupr\u00e1ci. V\u011bt\u0161inou se toti\u017e firmy daj\u00ed zl\u00e1kat n\u00edzkou cenou. Pak ale vid\u00ed v\u00fdsledky, kter\u00e9 mo\u017en\u00e1 nestoj\u00ed ani za zm\u00edn\u011bn\u00e9 pen\u00edze. My bychom v\u00e1s r\u00e1di nasm\u011brovali na \u00faklidovou firmu, ke kter\u00e9 se dostanete, jestli kliknete na odkaz v tomhle \u010dl\u00e1nku a najdete tam cen\u00edk \u00faklid kancel\u00e1\u0159\u00ed. Dozv\u00edte se tam co v\u0161echno maj\u00ed v nab\u00eddce, jak\u00e9 slu\u017eby a za jakou cenu poskytuji. Je tam formul\u00e1\u0159, kter\u00fd v\u00e1s vypln\u011bn\u00edm k ni\u010demu nezavazuje. Kdy\u017e ale by se v\u00e1m nab\u00eddka l\u00edbila m\u011bli byste po starostech. Nen\u00ed nic hez\u010d\u00edho a p\u0159\u00edjemn\u011bj\u0161\u00edho ne\u017e \u010dist\u00e1 kancel\u00e1\u0159 \u010di u\u017e pro zam\u011bstnance nebo i pro klienty. A m\u011bli byste zaru\u010denou \u00faklidovou firmu na del\u0161\u00ed dobu. Tak v\u00e1m dr\u017e\u00edm palce a\u0165 se to povede a budou spokojen\u00ed v\u0161ichni. Jak se \u0159\u00edk\u00e1 po\u0159\u00e1dek d\u011bl\u00e1 p\u0159\u00e1tele a plat\u00ed to asi ve v\u0161em. 3.4\/5 - (5 votes)","datePublished":"2023-10-13","dateModified":"2023-10-13","author":{"@type":"Person","@id":"https:\/\/www.vantu.cz\/author\/#Person","name":"","url":"https:\/\/www.vantu.cz\/author\/","identifier":1,"image":{"@type":"ImageObject","@id":"https:\/\/secure.gravatar.com\/avatar\/4eaadff62661a2c38386085c87f88f683e575f9fda122ff8560bf1208996f3c5?s=96&d=mm&r=g","url":"https:\/\/secure.gravatar.com\/avatar\/4eaadff62661a2c38386085c87f88f683e575f9fda122ff8560bf1208996f3c5?s=96&d=mm&r=g","height":96,"width":96}},"publisher":{"@type":"Organization","name":"vantu.cz","logo":{"@type":"ImageObject","@id":"\/logo.png","url":"\/logo.png","width":600,"height":60}},"image":{"@type":"ImageObject","@id":"https:\/\/www.vantu.cz\/wp-content\/uploads\/dirt-6752128_640_2.jpg","url":"https:\/\/www.vantu.cz\/wp-content\/uploads\/dirt-6752128_640_2.jpg","height":0,"width":0},"url":"https:\/\/www.vantu.cz\/uklid-a-uklizeni\/","about":["Byznys"],"wordCount":438,"articleBody":"       M\u00edt doma po\u0159\u00e1dek je dobrou vizitkou nejenom pro pan\u00ed dom\u00e1c\u00ed ale taky pro ostatn\u00ed \u010dleny rodiny. Nemus\u00edte se b\u00e1t, \u017ee v\u00e1m zazvon\u00ed n\u00e1v\u0161t\u011bva a vy ji nech\u00e1te patn\u00e1ct minut \u010dekat aby, jste uklidili alespo\u0148 ten z\u00e1klad. Samoz\u0159ejm\u011b taky se to nesm\u00ed p\u0159eh\u00e1n\u011bt. Ka\u017ed\u00fd t\u00fdden luxovat podlahu, nebo m\u00edt okna, pr\u00e1t z\u00e1clony a b\u011bhat po\u0159\u00e1d s had\u0159\u00edkem a smet\u00e1\u010dkem nen\u00ed celkem v po\u0159\u00e1dku. Jednodu\u0161e si zvolit zlatou st\u0159edn\u00ed cestu. P\u0159ed velk\u00fdmi sv\u00e1tky to vyluxovat a vygruntovat a pak to cel\u00fd rok jenom dola\u010fovat. To si mysl\u00edm \u017ee by m\u011blo b\u00fdt tak akor\u00e1t. Tak\u017ee se budete c\u00edtit p\u0159\u00edjemn\u011b nejenom vy ale u\u017e i zm\u00edn\u011bn\u00e1 n\u00e1hodn\u00e1 n\u00e1v\u0161t\u011bva.Takov\u00fd po\u0159\u00e1dek by m\u011bl b\u00fdt p\u0159irozen\u011b v\u0161ude. Na ulic\u00edch, h\u0159i\u0161t\u00edch dokonce i v lese a k tomu m\u016f\u017eeme p\u0159isp\u011bt i my svoji zodpov\u011bdnosti. To ov\u0161em nen\u00ed v\u0161e. Taky bychom mohli zm\u00ednit podniky a obchody, \u00fa\u0159ady a kancel\u00e1\u0159e. Ur\u010dit\u011b se v\u0161ichni budeme l\u00edp c\u00edtit v \u010dist\u00e9 kancel\u00e1\u0159i p\u0159\u00edpadn\u011b na chodb\u011b kde je pot\u0159ebn\u00e9 chv\u00edli \u010dekat. Firmy si na \u00faklid naj\u00edmaj\u00ed r\u016fzn\u00e9 firmy. Ne v\u0161ak v\u0161ichni to berou zodpov\u011bdn\u011b. Jsou firmy, kter\u00e9 ukl\u00edzej\u00ed jenom tak aby se ne\u0159eklo. A pak se div\u00ed, kdy\u017e s nimi firmy ukon\u010d\u00ed spolupr\u00e1ci. V\u011bt\u0161inou se toti\u017e firmy daj\u00ed zl\u00e1kat n\u00edzkou cenou. Pak ale vid\u00ed v\u00fdsledky, kter\u00e9 mo\u017en\u00e1 nestoj\u00ed ani za zm\u00edn\u011bn\u00e9 pen\u00edze.My bychom v\u00e1s r\u00e1di nasm\u011brovali na \u00faklidovou firmu, ke kter\u00e9 se dostanete, jestli kliknete na odkaz v tomhle \u010dl\u00e1nku a najdete tam cen\u00edk \u00faklid kancel\u00e1\u0159\u00ed. Dozv\u00edte se tam co v\u0161echno maj\u00ed v nab\u00eddce, jak\u00e9 slu\u017eby a za jakou cenu poskytuji. Je tam formul\u00e1\u0159, kter\u00fd v\u00e1s vypln\u011bn\u00edm k ni\u010demu nezavazuje. Kdy\u017e ale by se v\u00e1m nab\u00eddka l\u00edbila m\u011bli byste po starostech. Nen\u00ed nic hez\u010d\u00edho a p\u0159\u00edjemn\u011bj\u0161\u00edho ne\u017e \u010dist\u00e1 kancel\u00e1\u0159 \u010di u\u017e pro zam\u011bstnance nebo i pro klienty. A m\u011bli byste zaru\u010denou \u00faklidovou firmu na del\u0161\u00ed dobu. Tak v\u00e1m dr\u017e\u00edm palce a\u0165 se to povede a budou spokojen\u00ed v\u0161ichni. Jak se \u0159\u00edk\u00e1 po\u0159\u00e1dek d\u011bl\u00e1 p\u0159\u00e1tele a plat\u00ed to asi ve v\u0161em.                                                                                                                                                                                                                                                                                                                                                                                           3.4\/5 - (5 votes)        "},{"@context":"https:\/\/schema.org\/","@type":"BreadcrumbList","itemListElement":[{"@type":"ListItem","position":1,"name":"\u00daklid a ukl\u00edzen\u00ed","item":"https:\/\/www.vantu.cz\/uklid-a-uklizeni\/#breadcrumbitem"}]}]