[{"@context":"https:\/\/schema.org\/","@type":"Article","@id":"https:\/\/www.vantu.cz\/veci-pro-miminko-neni-nikdy-dost\/#Article","mainEntityOfPage":"https:\/\/www.vantu.cz\/veci-pro-miminko-neni-nikdy-dost\/","headline":"V\u011bc\u00ed pro miminko nen\u00ed nikdy dost","name":"V\u011bc\u00ed pro miminko nen\u00ed nikdy dost","description":"Pokud pat\u0159\u00edte mezi pam\u011btn\u00edky, pak jist\u011b v\u00edte, jak m\u00e1lo se toho v mnoha ohledech v posledn\u00edch dvaceti nebo t\u0159iceti letech zm\u011bnilo. A jestli\u017ee pat\u0159\u00edte mezi pam\u011btnice, tak se mnou budete souhlasit s t\u00edm, \u017ee v oble\u010den\u00ed pro miminka k mnoha zm\u011bn\u00e1m nedo\u0161lo. Alespo\u0148 v druz\u00edch jednotliv\u00fdch \u010d\u00e1st\u00ed. Pokud bychom m\u011bli na mysli barevnost, st\u0159ih nebo r\u016fzn\u00e9 ozdoby, pak se toho zm\u011bnilo mnoho. \u00b7 D\u0159\u00edve to bylo jednoduch\u00e9. a) Pokud se narodil chlape\u010dek, koupilo se oble\u010den\u00ed modr\u00e9. b) Pro hol\u010di\u010dku se volilo r\u016f\u017eov\u00e9. c) Cht\u011bl-li n\u011bkdo koupit v\u00fdbavi\u010dku d\u0159\u00edve a netu\u0161il pohlav\u00ed budouc\u00edho \u010dlov\u00ed\u010dka, pak se to vy\u0159e\u0161ilo \u017elutou \u010di b\u00edlou barvou. Dnes u\u017e to tak jednoduch\u00e9 nen\u00ed. Ne, \u017ee by se barvy zm\u011bnily, ale p\u0159ibylo takov\u00fdch kr\u00e1sn\u00fdch soupravi\u010dek, \u017ee nen\u00ed mnohdy mo\u017en\u00e9 si mezi nimi vybrat. P\u0159i v\u00fdb\u011bru m\u00e1 hr\u00e1t ale hlavn\u00ed roli zdravotn\u00ed nez\u00e1vadnost materi\u00e1lu. \u00b7 Mus\u00ed b\u00fdt tak\u00e9 velice p\u0159\u00edjemn\u00fd na dotyk. \u00b7 Miminko m\u00e1 je\u0161t\u011b choulostivou poko\u017eku a rozhodn\u011b nechceme, aby si na sv\u011bt\u011b prvn\u00ed dny p\u0159ipadalo jako v mraveni\u0161ti. Kvalitn\u00ed soupravi\u010dky do porodnice https:\/\/www.kojeneckeobleceni.cz\/ obsahuj\u00ed klasick\u00e9 ko\u0161ilky, kab\u00e1tky, polodupa\u010dky, svet\u0159\u00edky, mikiny, kalhoty, \u0161ati\u010dky, suk\u00fdnky. Prost\u011b to va\u0161e miminko (anebo to, kter\u00e9 jdete do porodnice p\u0159iv\u00edtat) bude to nejkr\u00e1sn\u011bj\u0161\u00ed a nejroztomilej\u0161\u00ed. Chyb\u011bt samoz\u0159ejm\u011b nesm\u00ed ani cap\u00e1\u010dky. P\u0159esto, \u017ee je asi hned tak nepro\u0161lape. V\u0161e mus\u00ed b\u00fdt v prvot\u0159\u00eddn\u00ed kvalit\u011b N\u011bkdy se st\u00e1v\u00e1, \u017ee m\u00e1me nam\u00ed\u0159eno do porodnice uv\u00edtat na sv\u011bt nov\u00e9ho \u010dlov\u00ed\u010dka nap\u0159\u00edklad sv\u00e9 kamar\u00e1dky nebo sestry a v tu chv\u00edli nem\u00e1me ani tu\u0161en\u00ed, co p\u0159in\u00e9st s sebou. \u00b7 Zm\u00edn\u011bn\u00e9 soupravi\u010dky u\u017e koupily babi\u010dky a teti\u010dky. P\u0159ij\u00edt s pr\u00e1zdn\u00fdma rukama je nemo\u017en\u00e9. Ka\u017ed\u00e1 maminka v\u00e1m potvrd\u00ed, \u017ee m\u011bkk\u00fdch a kvalitn\u00edch osu\u0161ek, dek a povle\u010den\u00ed do post\u00fdlky nen\u00ed nikdy dost. &#8211; ALE PO\u010cKEJTE JE\u0160T\u011a \u2013 nezapomn\u011bly babi\u010dky na spac\u00ed pytel do ko\u010d\u00e1rku? Bez toho by se maminka neobe\u0161la. 4.4\/5 - (5 votes)","datePublished":"2018-11-04","dateModified":"2018-11-04","author":{"@type":"Person","@id":"https:\/\/www.vantu.cz\/author\/#Person","name":"","url":"https:\/\/www.vantu.cz\/author\/","identifier":1,"image":{"@type":"ImageObject","@id":"https:\/\/secure.gravatar.com\/avatar\/4eaadff62661a2c38386085c87f88f683e575f9fda122ff8560bf1208996f3c5?s=96&d=mm&r=g","url":"https:\/\/secure.gravatar.com\/avatar\/4eaadff62661a2c38386085c87f88f683e575f9fda122ff8560bf1208996f3c5?s=96&d=mm&r=g","height":96,"width":96}},"publisher":{"@type":"Organization","name":"vantu.cz","logo":{"@type":"ImageObject","@id":"\/logo.png","url":"\/logo.png","width":600,"height":60}},"image":{"@type":"ImageObject","@id":"https:\/\/www.vantu.cz\/wp-content\/uploads\/img_a330906_w1702_t1543338226.jpg","url":"https:\/\/www.vantu.cz\/wp-content\/uploads\/img_a330906_w1702_t1543338226.jpg","height":0,"width":0},"url":"https:\/\/www.vantu.cz\/veci-pro-miminko-neni-nikdy-dost\/","about":["Mu\u017ei"],"wordCount":407,"articleBody":"   Pokud pat\u0159\u00edte mezi pam\u011btn\u00edky, pak jist\u011b v\u00edte, jak m\u00e1lo se toho v mnoha ohledech v posledn\u00edch dvaceti nebo t\u0159iceti letech zm\u011bnilo. A jestli\u017ee pat\u0159\u00edte mezi pam\u011btnice, tak se mnou budete souhlasit s t\u00edm, \u017ee v oble\u010den\u00ed pro miminka k mnoha zm\u011bn\u00e1m nedo\u0161lo. Alespo\u0148 v druz\u00edch jednotliv\u00fdch \u010d\u00e1st\u00ed. Pokud bychom m\u011bli na mysli barevnost, st\u0159ih nebo r\u016fzn\u00e9 ozdoby, pak se toho zm\u011bnilo mnoho.  \u00b7 D\u0159\u00edve to bylo jednoduch\u00e9. a) Pokud se narodil chlape\u010dek, koupilo se oble\u010den\u00ed modr\u00e9. b) Pro hol\u010di\u010dku se volilo r\u016f\u017eov\u00e9. c) Cht\u011bl-li n\u011bkdo koupit v\u00fdbavi\u010dku d\u0159\u00edve a netu\u0161il pohlav\u00ed budouc\u00edho \u010dlov\u00ed\u010dka, pak se to vy\u0159e\u0161ilo \u017elutou \u010di b\u00edlou barvou. Dnes u\u017e to tak jednoduch\u00e9 nen\u00ed. Ne, \u017ee by se barvy zm\u011bnily, ale p\u0159ibylo takov\u00fdch kr\u00e1sn\u00fdch soupravi\u010dek, \u017ee nen\u00ed mnohdy mo\u017en\u00e9 si mezi nimi vybrat. P\u0159i v\u00fdb\u011bru m\u00e1 hr\u00e1t ale hlavn\u00ed roli zdravotn\u00ed nez\u00e1vadnost materi\u00e1lu. \u00b7 Mus\u00ed b\u00fdt tak\u00e9 velice p\u0159\u00edjemn\u00fd na dotyk. \u00b7 Miminko m\u00e1 je\u0161t\u011b choulostivou poko\u017eku a rozhodn\u011b nechceme, aby si na sv\u011bt\u011b prvn\u00ed dny p\u0159ipadalo jako v mraveni\u0161ti. Kvalitn\u00ed soupravi\u010dky do porodnice https:\/\/www.kojeneckeobleceni.cz\/ obsahuj\u00ed klasick\u00e9 ko\u0161ilky, kab\u00e1tky, polodupa\u010dky, svet\u0159\u00edky, mikiny, kalhoty, \u0161ati\u010dky, suk\u00fdnky. Prost\u011b to va\u0161e miminko (anebo to, kter\u00e9 jdete do porodnice p\u0159iv\u00edtat) bude to nejkr\u00e1sn\u011bj\u0161\u00ed a nejroztomilej\u0161\u00ed. Chyb\u011bt samoz\u0159ejm\u011b nesm\u00ed ani cap\u00e1\u010dky. P\u0159esto, \u017ee je asi hned tak nepro\u0161lape. V\u0161e mus\u00ed b\u00fdt v prvot\u0159\u00eddn\u00ed kvalit\u011b N\u011bkdy se st\u00e1v\u00e1, \u017ee m\u00e1me nam\u00ed\u0159eno do porodnice uv\u00edtat na sv\u011bt nov\u00e9ho \u010dlov\u00ed\u010dka nap\u0159\u00edklad sv\u00e9 kamar\u00e1dky nebo sestry a v tu chv\u00edli nem\u00e1me ani tu\u0161en\u00ed, co p\u0159in\u00e9st s sebou. \u00b7 Zm\u00edn\u011bn\u00e9 soupravi\u010dky u\u017e koupily babi\u010dky a teti\u010dky. P\u0159ij\u00edt s pr\u00e1zdn\u00fdma rukama je nemo\u017en\u00e9. Ka\u017ed\u00e1 maminka v\u00e1m potvrd\u00ed, \u017ee m\u011bkk\u00fdch a kvalitn\u00edch osu\u0161ek, dek a povle\u010den\u00ed do post\u00fdlky nen\u00ed nikdy dost. &#8211; ALE PO\u010cKEJTE JE\u0160T\u011a \u2013 nezapomn\u011bly babi\u010dky na spac\u00ed pytel do ko\u010d\u00e1rku? Bez toho by se maminka neobe\u0161la.                                                                                                                                                                                                                                                                                                                                                                                           4.4\/5 - (5 votes)        "},{"@context":"https:\/\/schema.org\/","@type":"BreadcrumbList","itemListElement":[{"@type":"ListItem","position":1,"name":"V\u011bc\u00ed pro miminko nen\u00ed nikdy dost","item":"https:\/\/www.vantu.cz\/veci-pro-miminko-neni-nikdy-dost\/#breadcrumbitem"}]}]