[{"@context":"https:\/\/schema.org\/","@type":"Article","@id":"https:\/\/www.vantu.cz\/vysneny-dum\/#Article","mainEntityOfPage":"https:\/\/www.vantu.cz\/vysneny-dum\/","headline":"Vysn\u011bn\u00fd d\u016fm","name":"Vysn\u011bn\u00fd d\u016fm","description":"U\u017e jste si n\u011bkdy p\u0159edstavovali to, \u017ee budete m\u00edt kr\u00e1sn\u00fd velk\u00fd d\u016fm se zahradou? To je asi sen ka\u017ed\u00e9ho \u010dlov\u011bka a taky j\u00e1 si to ze srdce p\u0159eji. V\u00edm, jak je kr\u00e1sn\u00e9 \u017e\u00edt v dom\u011b, proto\u017ee babi\u010dka m\u00e1 velk\u00fd d\u016fm a \u017eila jsem tam zhruba \u010dty\u0159i roky s mamkou a sestrou, ne\u017e jsem se odst\u011bhovala za p\u0159\u00edtelem a za\u010dala jsem nov\u00fd \u017eivot. A jak jist\u011b v\u00edte, tak ka\u017ed\u00fd m\u00e1 n\u011bjakou babi\u010dku. A pr\u00e1v\u011b s babi\u010dkou jsem se nau\u010dila ty z\u00e1kladn\u00ed v\u011bci. To ani nemluv\u00edm o va\u0159en\u00ed, ale i pr\u00e1ci na zahrad\u011b jsem se nau\u010dila. Potom skl\u00edzet \u00farodu ze zahrady a zava\u0159ovat r\u016fzn\u00e9 ovoce, to v\u0161echno m\u011b nau\u010dila babi\u010dka. A j\u00e1 sn\u00edm o tom, \u017ee jednou budu m\u00edt n\u00e1dhern\u00fd d\u016fm se zahradou, na kter\u00e9 si budu p\u011bstovat svoje n\u00e1dhern\u00e9 kyti\u010dky a taky samoz\u0159ejm\u011b i bylinky. Bylinky m\u00e1m moc r\u00e1da a nejlep\u0161\u00ed je v\u0161echno p\u011bstovat na zahrad\u011b, kdy\u017e m\u00e1 \u010dlov\u011bk tu mo\u017enost. Pro\u010d by m\u011bl \u010dlov\u011bk n\u011bco kupovat, kdy\u017e si to m\u016f\u017ee vyp\u011bstovat s\u00e1m a doma? Tak stejn\u011b jako je to s bylinkami, tak je to i se zeleninou, jako jsou t\u0159eba raj\u010data, papriky a koz\u00ed rohy. A p\u0159edstavte si, babi\u010dce bylo tehdy zhruba 65 let a v\u0161echno p\u011bstovala. Hr\u00e1\u0161ek, ovoce, zeleninu a bylinky. A v\u0161echno st\u00edhala a my jsme j\u00ed pom\u00e1haly se sestrou na zahrad\u011b. Nikdy m\u011b to nijak nebavilo, ale te\u010f kdy\u017e jsem si na balkon\u011b vyp\u011bstovala prvn\u00ed leto\u0161n\u00ed raj\u010data, m\u00e1tu a papriky, za\u010dala jsem to pova\u017eovat za velk\u00fd \u00fasp\u011bch a n\u011bjak\u00fdm zp\u016fsobem m\u011b to za\u010dalo bavit. No, a tak jednou sn\u00edm o tom, \u017ee a\u017e ten d\u016fm budu m\u00edt, bude to v\u0161echno kr\u00e1sn\u00e9. Moje dcera si bude hr\u00e1t na zahrad\u011b, budeme spolu s\u00e1zet kyti\u010dky a j\u00e1 si budu prozp\u011bvovat a budu kone\u010dn\u011b \u0161\u0165astn\u00e1, proto\u017ee se mi spln\u00ed m\u016fj sen. Nikdo by se nem\u011bl vzd\u00e1vat sv\u00fdch sn\u016f, a to plat\u00ed pro v\u0161echny. A\u0165 u\u017e je v\u00e1\u0161 sen jak\u00fdkoliv, nemus\u00ed to b\u00fdt jenom to, \u017ee tou\u017e\u00edte po dom\u011b. M\u016f\u017ee to b\u00fdt i n\u011bco jin\u00e9ho. Ka\u017edop\u00e1dn\u011b jednou se v\u00e1m ur\u010dit\u011b v\u00e1\u0161 sen o dom\u011b nebo o n\u011b\u010dem jin\u00e9m spln\u00ed a budete na sebe hrd\u00ed. 4.2\/5 - (12 votes)","datePublished":"2023-12-08","dateModified":"2023-12-08","author":{"@type":"Person","@id":"https:\/\/www.vantu.cz\/author\/#Person","name":"","url":"https:\/\/www.vantu.cz\/author\/","identifier":1,"image":{"@type":"ImageObject","@id":"https:\/\/secure.gravatar.com\/avatar\/4eaadff62661a2c38386085c87f88f683e575f9fda122ff8560bf1208996f3c5?s=96&d=mm&r=g","url":"https:\/\/secure.gravatar.com\/avatar\/4eaadff62661a2c38386085c87f88f683e575f9fda122ff8560bf1208996f3c5?s=96&d=mm&r=g","height":96,"width":96}},"publisher":{"@type":"Organization","name":"vantu.cz","logo":{"@type":"ImageObject","@id":"\/logo.png","url":"\/logo.png","width":600,"height":60}},"image":{"@type":"ImageObject","@id":"https:\/\/www.vantu.cz\/wp-content\/uploads\/pexels-binyaminmellish-186077_1.jpg","url":"https:\/\/www.vantu.cz\/wp-content\/uploads\/pexels-binyaminmellish-186077_1.jpg","height":0,"width":0},"url":"https:\/\/www.vantu.cz\/vysneny-dum\/","about":["D\u016fm"],"wordCount":450,"articleBody":"U\u017e jste si n\u011bkdy p\u0159edstavovali to, \u017ee budete m\u00edt kr\u00e1sn\u00fd velk\u00fd d\u016fm se zahradou? To je asi sen ka\u017ed\u00e9ho \u010dlov\u011bka a taky j\u00e1 si to ze srdce p\u0159eji. V\u00edm, jak je kr\u00e1sn\u00e9 \u017e\u00edt v dom\u011b, proto\u017ee babi\u010dka m\u00e1 velk\u00fd d\u016fm a \u017eila jsem tam zhruba \u010dty\u0159i roky s mamkou a sestrou, ne\u017e jsem se odst\u011bhovala za p\u0159\u00edtelem a za\u010dala jsem nov\u00fd \u017eivot. A jak jist\u011b v\u00edte, tak ka\u017ed\u00fd m\u00e1 n\u011bjakou babi\u010dku. A pr\u00e1v\u011b s babi\u010dkou jsem se nau\u010dila ty z\u00e1kladn\u00ed v\u011bci. To ani nemluv\u00edm o va\u0159en\u00ed, ale i pr\u00e1ci na zahrad\u011b jsem se nau\u010dila. Potom skl\u00edzet \u00farodu ze zahrady a zava\u0159ovat r\u016fzn\u00e9 ovoce, to v\u0161echno m\u011b nau\u010dila babi\u010dka. A j\u00e1 sn\u00edm o tom, \u017ee jednou budu m\u00edt n\u00e1dhern\u00fd d\u016fm se zahradou, na kter\u00e9 si budu p\u011bstovat svoje n\u00e1dhern\u00e9 kyti\u010dky a taky samoz\u0159ejm\u011b i bylinky. Bylinky m\u00e1m moc r\u00e1da a nejlep\u0161\u00ed je v\u0161echno p\u011bstovat na zahrad\u011b, kdy\u017e m\u00e1 \u010dlov\u011bk tu mo\u017enost. Pro\u010d by m\u011bl \u010dlov\u011bk n\u011bco kupovat, kdy\u017e si to m\u016f\u017ee vyp\u011bstovat s\u00e1m a doma? Tak stejn\u011b jako je to s bylinkami, tak je to i se zeleninou, jako jsou t\u0159eba raj\u010data, papriky a koz\u00ed rohy. A p\u0159edstavte si, babi\u010dce bylo tehdy zhruba 65 let a v\u0161echno p\u011bstovala. Hr\u00e1\u0161ek, ovoce, zeleninu a bylinky. A v\u0161echno st\u00edhala a my jsme j\u00ed pom\u00e1haly se sestrou na zahrad\u011b. Nikdy m\u011b to nijak nebavilo, ale te\u010f kdy\u017e jsem si na balkon\u011b vyp\u011bstovala prvn\u00ed leto\u0161n\u00ed raj\u010data, m\u00e1tu a papriky, za\u010dala jsem to pova\u017eovat za velk\u00fd \u00fasp\u011bch a n\u011bjak\u00fdm zp\u016fsobem m\u011b to za\u010dalo bavit. No, a tak jednou sn\u00edm o tom, \u017ee a\u017e ten d\u016fm budu m\u00edt, bude to v\u0161echno kr\u00e1sn\u00e9. Moje dcera si bude hr\u00e1t na zahrad\u011b, budeme spolu s\u00e1zet kyti\u010dky a j\u00e1 si budu prozp\u011bvovat a budu kone\u010dn\u011b \u0161\u0165astn\u00e1, proto\u017ee se mi spln\u00ed m\u016fj sen. Nikdo by se nem\u011bl vzd\u00e1vat sv\u00fdch sn\u016f, a to plat\u00ed pro v\u0161echny. A\u0165 u\u017e je v\u00e1\u0161 sen jak\u00fdkoliv, nemus\u00ed to b\u00fdt jenom to, \u017ee tou\u017e\u00edte po dom\u011b. M\u016f\u017ee to b\u00fdt i n\u011bco jin\u00e9ho. Ka\u017edop\u00e1dn\u011b jednou se v\u00e1m ur\u010dit\u011b v\u00e1\u0161 sen o dom\u011b nebo o n\u011b\u010dem jin\u00e9m spln\u00ed a budete na sebe hrd\u00ed.                                                                                                                                                                                                                                                                                                                                                                                        4.2\/5 - (12 votes)        "},{"@context":"https:\/\/schema.org\/","@type":"BreadcrumbList","itemListElement":[{"@type":"ListItem","position":1,"name":"Vysn\u011bn\u00fd d\u016fm","item":"https:\/\/www.vantu.cz\/vysneny-dum\/#breadcrumbitem"}]}]